{"id":768,"date":"2019-07-01T12:00:40","date_gmt":"2019-07-01T10:00:40","guid":{"rendered":"https:\/\/blog.klimastrategie.de\/?p=768"},"modified":"2019-07-10T16:32:32","modified_gmt":"2019-07-10T14:32:32","slug":"inm-management-update-2019-06","status":"publish","type":"post","link":"https:\/\/blog.klimastrategie.de\/index.php\/2019\/07\/01\/inm-management-update-2019-06\/","title":{"rendered":"INM Management Update 2019.06"},"content":{"rendered":"\n<p>Wir freu\u00aden uns sehr, Ihnen heu\u00adte unser all\u00adj\u00e4hr\u00adli\u00adches Som\u00admer-Update pr\u00e4\u00adsen\u00adtie\u00adren zu k\u00f6n\u00adnen. Der Fokus der Ent\u00adwick\u00adlun\u00adgen unse\u00adres INM Manage\u00adment Update 2019.06 lag haupt\u00ads\u00e4ch\u00adlich auf der <strong>Ein\u00adf\u00fch\u00adrung eines neu\u00aden tech\u00adni\u00adschen Unter\u00adbaus<\/strong>, der uns mehr M\u00f6g\u00adlich\u00adkei\u00adten f\u00fcr zuk\u00fcnf\u00adti\u00adge Funk\u00adtio\u00adnen gibt und unse\u00adre Diens\u00adte tech\u00adno\u00adlo\u00adgisch auf dem neus\u00adten Stand h\u00e4lt. Zudem haben wir an einem ver\u00adbes\u00adser\u00adten <strong>Sys\u00adtem zur Feh\u00adler\u00adbe\u00adhand\u00adlung<\/strong> gear\u00adbei\u00adtet, wel\u00adches uns erm\u00f6g\u00adlicht, noch bes\u00adser auf ein\u00adtre\u00adten\u00adde Feh\u00adler zu reagie\u00adren und die\u00adse schnellst\u00adm\u00f6g\u00adlich zu behe\u00adben. Im Fol\u00adgen\u00adden stel\u00adlen wir Ihnen eine \u00dcber\u00adsicht unse\u00adrer neu\u00aden Funk\u00adtio\u00adna\u00adli\u00adt\u00e4\u00adten&nbsp;vor:<\/p>\n\n\n\n<ul class=\"wp-block-list\"><li>Die Aus\u00adwer\u00adtun\u00adgen f\u00fcr die Port\u00adfo\u00adlio-Ana\u00adly\u00adse sowie das Geb\u00e4u\u00adde-Kenn\u00adwer\u00adte-Ran\u00adking sind nun auch im Bezug auf den Durschnitt eines Refe\u00adrenz\u00adzeit\u00adraums anstatt eines ein\u00adzel\u00adnen Jah\u00adres m\u00f6glich.<\/li><li>In den Aus\u00adwer\u00adtun\u00adgen Port\u00adfo\u00adlio-Ana\u00adly\u00adse sowie beim Geb\u00e4u\u00adde-Kenn\u00adwer\u00adte-Ran\u00adking k\u00f6n\u00adnen beim Export wei\u00adte\u00adre Daten\u00adrei\u00adhen erg\u00e4nzt werden.<\/li><li>Die Ansicht der Port\u00adfo\u00adlio\u00adana\u00adly\u00adse wur\u00adde optisch \u00fcberarbeitet.<\/li><li>Die Daten der Port\u00adfo\u00adlio\u00adana\u00adly\u00adse sind nun samt Dia\u00adgramm\u00addar\u00adstel\u00adlung exportierbar.<\/li><li>Die Ansicht der offe\u00adnen Able\u00adsun\u00adgen wur\u00adde \u00fcber\u00adar\u00adbei\u00adtet und an die Ansicht der Smart\u00adphone-App ange\u00adpasst. So wer\u00adden die Ein\u00adtr\u00e4\u00adge nun nach F\u00e4l\u00adlig\u00adkeit kate\u00adgo\u00adri\u00adsiert. Hin\u00adzu\u00adge\u00adkom\u00admen sind au\u00dfer\u00addem wei\u00adte\u00adre Fil\u00adter\u00adm\u00f6g\u00adlich\u00adkei\u00adten. Es wer\u00adden eben\u00adso Ein\u00adtr\u00e4\u00adge ange\u00adzeigt, auf die der Nut\u00adzer ledig\u00adlich Lese\u00adzu\u00adgriff besitzt, die Erfas\u00adsung ist dann nat\u00fcr\u00adlich gesperrt.<\/li><li>Die Hin\u00adter\u00adle\u00adgung des Z\u00e4h\u00adler\u00adstand\u00adorts ist nicht mehr aus\u00adschlie\u00df\u00adlich Z\u00e4h\u00adlern vor\u00adbe\u00adhal\u00adten, die in der Smart\u00adphone-App genutzt werden.<\/li><li>Beim Wech\u00adseln eines Z\u00e4h\u00adlers wird der aktu\u00adells\u00adte Ver\u00adtrag des zu wech\u00adseln\u00adden Z\u00e4h\u00adler als initia\u00adler Ver\u00adtrag f\u00fcr den neu\u00aden Z\u00e4h\u00adler vorausgew\u00e4hlt.<\/li><li>Im Account-Ser\u00advice k\u00f6n\u00adnen Kon\u00adtakt\u00adda\u00adten von Benut\u00adzern f\u00fcr berech\u00adtig\u00adte Nut\u00adzer ange\u00adzeigt werden.<\/li><\/ul>\n\n\n\n<div class=\"wp-block-image img-bordered\"><figure class=\"aligncenter\"><a href=\"https:\/\/blog.klimastrategie.de\/wp-content\/uploads\/2019\/07\/INM_Management_201906_Portfolioanalyse.png\"><img loading=\"lazy\" decoding=\"async\" width=\"1024\" height=\"870\" src=\"https:\/\/blog.klimastrategie.de\/wp-content\/uploads\/2019\/07\/INM_Management_201906_Portfolioanalyse-1024x870.png\" alt class=\"wp-image-813\" srcset=\"https:\/\/blog.klimastrategie.de\/wp-content\/uploads\/2019\/07\/INM_Management_201906_Portfolioanalyse-1024x870.png 1024w, https:\/\/blog.klimastrategie.de\/wp-content\/uploads\/2019\/07\/INM_Management_201906_Portfolioanalyse-300x255.png 300w, https:\/\/blog.klimastrategie.de\/wp-content\/uploads\/2019\/07\/INM_Management_201906_Portfolioanalyse-768x653.png 768w, https:\/\/blog.klimastrategie.de\/wp-content\/uploads\/2019\/07\/INM_Management_201906_Portfolioanalyse.png 1744w\" sizes=\"auto, (max-width: 1024px) 100vw, 1024px\"><\/a><figcaption>Vie\u00adle unse\u00adrer Dia\u00adgramm\u00addar\u00adstel\u00adlun\u00adgen haben ein neu\u00ades Aus\u00adse\u00adhen und neue Funk\u00adtio\u00adnen erhal\u00adten. Die Schnell\u00adaus\u00adwer\u00adtun\u00adgen \u00abKos\u00adten-Ver\u00adbrauchs-Port\u00adfo\u00adlio\u00bb und \u00abKenn\u00adwer\u00adte-Ran\u00adking auf Geb\u00e4u\u00adde\u00adebe\u00adne\u00bb unter\u00adst\u00fctz\u00adten nun auch die Ana\u00adly\u00adse des Durch\u00adschnitts der Jah\u00adre eines Referenzzeitraums.<\/figcaption><\/figure><\/div>\n\n\n\n<h2 class=\"wp-block-heading\">Weitere Export-M\u00f6glichkeiten<\/h2>\n\n\n\n<p>Wei\u00adter\u00adf\u00fch\u00adrend haben wir unse\u00adre Biblio\u00adthek f\u00fcr den Export von Excel-Doku\u00admen\u00adten voll\u00adst\u00e4n\u00addig \u00fcber\u00adar\u00adbei\u00adtet. Das Update 2019.06 umfasst so vie\u00adle neue M\u00f6g\u00adlich\u00adkei\u00adten und macht die Aus\u00adwer\u00adtung und Visua\u00adli\u00adsie\u00adrung Ihrer Ein\u00adga\u00adben noch \u00fcbersichtlicher.&nbsp;<\/p>\n\n\n\n<ul class=\"wp-block-list\"><li>Der Export der Dia\u00adgram\u00adme ist nun eben\u00adso als PDF-Doku\u00adment m\u00f6glich.&nbsp;<\/li><li>Es erfolg\u00adte eine visu\u00adel\u00adle \u00dcber\u00adar\u00adbei\u00adtung der Dia\u00adgram\u00adme und Auswertungen.<\/li><li>Bei einem Export nach Excel wer\u00adden die Daten\u00adrei\u00adhen ab sofort im kor\u00adrek\u00adten Typ dar\u00adge\u00adstellt. Das hei\u00dft bei\u00adspiels\u00adwei\u00adse, dass W\u00e4h\u00adrungs\u00adan\u00adga\u00adben auch in einer Excel-Tabel\u00adle als W\u00e4h\u00adrung zu erken\u00adnen&nbsp;sind.<\/li><li>Mit dem neu\u00aden Update 2019.06 k\u00f6n\u00adnen nun auch Gesamt\u00adex\u00adpor\u00adte f\u00fcr Ver\u00adbrauch, Kos\u00adten und Emis\u00adsio\u00adnen (als ein\u00adzel\u00adne Tabel\u00adlen\u00adbl\u00e4t\u00adter im Doku\u00adment)  durch\u00adge\u00adf\u00fchrt wer\u00adden. Die\u00adse Funk\u00adtio\u00adna\u00adli\u00adt\u00e4t fin\u00addet z.B. in der Z\u00e4h\u00adler\u00adver\u00adbrauchs\u00adent\u00adwick\u00adlung oder den benut\u00adzer\u00adde\u00adfi\u00adnier\u00adten Dia\u00adgram\u00admen Anwendung.<\/li><li>In Ihrer zu expor\u00adtie\u00adren\u00adden Tabel\u00adle k\u00f6n\u00adnen auto\u00adma\u00adti\u00adsche Sor\u00adtier- und Fil\u00adter\u00adfunk\u00adtio\u00adnen ange\u00adwandt wer\u00adden. So ist es bspw. m\u00f6g\u00adlich, Ihren Ma\u00df\u00adnah\u00admen\u00adplan, die Port\u00adfo\u00adlio-Ana\u00adly\u00adse und das Geb\u00e4u\u00adde-Kenn\u00adwer\u00adte-Ran\u00adking im Excel-Doku\u00adment zu per\u00adso\u00adna\u00adli\u00adsie\u00adren und Ihnen eine Grund\u00adla\u00adge zu bie\u00adten, mit der Sie opti\u00admal wei\u00adter\u00adar\u00adbei\u00adten k\u00f6nnen.&nbsp;<\/li><\/ul>\n\n\n\n<div class=\"wp-block-image img-bordered\"><figure class=\"aligncenter\"><a href=\"https:\/\/blog.klimastrategie.de\/wp-content\/uploads\/2019\/07\/INM_Management_201906_Exportmoeglichkeiten.png\"><img loading=\"lazy\" decoding=\"async\" width=\"1024\" height=\"302\" src=\"https:\/\/blog.klimastrategie.de\/wp-content\/uploads\/2019\/07\/INM_Management_201906_Exportmoeglichkeiten-1024x302.png\" alt class=\"wp-image-816\" srcset=\"https:\/\/blog.klimastrategie.de\/wp-content\/uploads\/2019\/07\/INM_Management_201906_Exportmoeglichkeiten-1024x302.png 1024w, https:\/\/blog.klimastrategie.de\/wp-content\/uploads\/2019\/07\/INM_Management_201906_Exportmoeglichkeiten-300x88.png 300w, https:\/\/blog.klimastrategie.de\/wp-content\/uploads\/2019\/07\/INM_Management_201906_Exportmoeglichkeiten-768x226.png 768w, https:\/\/blog.klimastrategie.de\/wp-content\/uploads\/2019\/07\/INM_Management_201906_Exportmoeglichkeiten.png 1740w\" sizes=\"auto, (max-width: 1024px) 100vw, 1024px\"><\/a><figcaption>Wir haben ver\u00adschie\u00adde\u00adne neue Export\u00adm\u00f6g\u00adlich\u00adkei\u00adten erg\u00e4nzt. So k\u00f6n\u00adnen nun bspw. an aus\u00adge\u00adw\u00e4hl\u00adten Stel\u00adlen dyna\u00admi\u00adsche Daten\u00adrei\u00adhen zu Tabel\u00adlen hin\u00adzu\u00adge\u00adf\u00fcgt oder Ansich\u00adten, neben dem bereits bestehen\u00adden Excel-Export, auch als PDF-Doku\u00adment expor\u00adtiert werden.<\/figcaption><\/figure><\/div>\n\n\n\n<h2 class=\"wp-block-heading\">Umstellung der Energietr\u00e4ger<\/h2>\n\n\n\n<p>W\u00e4h\u00adrend benut\u00adzer\u00adde\u00adfi\u00adnier\u00adte Brenn\u00adwer\u00adte bis\u00adher ledig\u00adlich bei dem Ener\u00adgie\u00adtr\u00e4\u00adger Erd\u00adgas  hin\u00adter\u00adlegt wer\u00adden konn\u00adten, ist dies nun eben\u00adfalls bei ande\u00adren rele\u00advan\u00adten  Ener\u00adgie\u00adtr\u00e4\u00adgern m\u00f6glich.&nbsp;<\/p>\n\n\n\n<p>Mit dem INM Manage\u00adment Update 2019.06 soll\u00adten au\u00dfer\u00addem die frei defi\u00adnier\u00adba\u00adren Ener\u00adgie\u00adtr\u00e4\u00adger umge\u00adstellt wer\u00adden, da die\u00adse in ihrer aktu\u00adel\u00adlen  Umset\u00adzung nicht mehr unse\u00adren Qua\u00adli\u00adt\u00e4ts\u00adan\u00adfor\u00adde\u00adrun\u00adgen ent\u00adspre\u00adchen. Das kom\u00admen\u00adde Update soll die\u00adse dann voll\u00adst\u00e4n\u00addig ent\u00adfer\u00adnen und das Sys\u00adtem wird die frei defi\u00adnier\u00adba\u00adren Ener\u00adgie\u00adtr\u00e4\u00adger in Zukunft nicht mehr unter\u00adst\u00fct\u00adzen. F\u00fcr die Umstel\u00adlung m\u00fcs\u00adsen Ihre  Ver\u00adtr\u00e4\u00adge und Z\u00e4h\u00adler auf einen vor\u00adhan\u00adde\u00adnen Ener\u00adgie\u00adtr\u00e4\u00adger umge\u00adstellt wer\u00adden. Sie fin\u00adden im Sys\u00adtem ent\u00adspre\u00adchen\u00adde Hin\u00adwei\u00adse zur Migra\u00adti\u00adon und nat\u00fcr\u00adlich k\u00f6n\u00adnen Sie jeder\u00adzeit Kon\u00adtakt zu uns aufnehmen.&nbsp;<\/p>\n\n\n\n<p>Wir freu\u00aden uns auf Ihr Feed\u00adback und w\u00fcn\u00adschen Ihnen viel Spa\u00df beim Anwen\u00adden der neu\u00aden Funktionalit\u00e4ten.<\/p>\n","protected":false},"excerpt":{"rendered":"<p>Wir freu\u00aden uns sehr, Ihnen heu\u00adte unser all\u00adj\u00e4hr\u00adli\u00adches Som\u00ad\u00admer-Update pr\u00e4\u00adsen\u00adtie\u00adren zu k\u00f6n\u00adnen. Der Fokus der Ent\u00adwick\u00adlun\u00adgen unse\u00adres INM Manage\u00adment Update 2019.06 lag haupt\u00ads\u00e4ch\u00adlich auf der Ein\u00adf\u00fch\u00adrung eines neu\u00aden tech\u00adni\u00adschen Unterbaus,\u2026<\/p>\n","protected":false},"author":3,"featured_media":813,"comment_status":"open","ping_status":"open","sticky":false,"template":"","format":"standard","meta":{"inline_featured_image":false,"wp_typography_post_enhancements_disabled":false,"footnotes":""},"categories":[7,3],"tags":[],"class_list":["post-768","post","type-post","status-publish","format-standard","has-post-thumbnail","hentry","category-inm-management","category-produkte","entry"],"yoast_head":"<!-- This site is optimized with the Yoast SEO plugin v27.5 - https:\/\/yoast.com\/product\/yoast-seo-wordpress\/ -->\n<title>INM Management Update 2019.06 - INM kommunale Klimastrategie Blog<\/title>\n<meta name=\"robots\" content=\"index, follow, max-snippet:-1, max-image-preview:large, max-video-preview:-1\" \/>\n<link rel=\"canonical\" href=\"https:\/\/blog.klimastrategie.de\/index.php\/2019\/07\/01\/inm-management-update-2019-06\/\" \/>\n<meta property=\"og:locale\" content=\"de_DE\" \/>\n<meta property=\"og:type\" content=\"article\" \/>\n<meta property=\"og:title\" content=\"INM Management Update 2019.06 - INM kommunale Klimastrategie Blog\" \/>\n<meta property=\"og:description\" content=\"Wir freu\u00aden uns sehr, Ihnen heu\u00adte unser all\u00adj\u00e4hr\u00adli\u00adches Som\u00admer-Update pr\u00e4\u00adsen\u00adtie\u00adren zu k\u00f6n\u00adnen. Der Fokus der Ent\u00adwick\u00adlun\u00adgen unse\u00adres INM Manage\u00adment Update 2019.06 lag haupt\u00ads\u00e4ch\u00adlich auf der Ein\u00adf\u00fch\u00adrung eines neu\u00aden tech\u00adni\u00adschen Unter\u00adbaus,&#8230;\" \/>\n<meta property=\"og:url\" content=\"https:\/\/blog.klimastrategie.de\/index.php\/2019\/07\/01\/inm-management-update-2019-06\/\" \/>\n<meta property=\"og:site_name\" content=\"INM kommunale Klimastrategie Blog\" \/>\n<meta property=\"article:publisher\" content=\"https:\/\/www.facebook.com\/klimastrategie\" \/>\n<meta property=\"article:published_time\" content=\"2019-07-01T10:00:40+00:00\" \/>\n<meta property=\"article:modified_time\" content=\"2019-07-10T14:32:32+00:00\" \/>\n<meta property=\"og:image\" content=\"https:\/\/blog.klimastrategie.de\/wp-content\/uploads\/2019\/07\/INM_Management_201906_Portfolioanalyse.png\" \/>\n\t<meta property=\"og:image:width\" content=\"1744\" \/>\n\t<meta property=\"og:image:height\" content=\"1482\" \/>\n\t<meta property=\"og:image:type\" content=\"image\/png\" \/>\n<meta name=\"author\" content=\"J\u00f6rg L\u00e4ssig\" \/>\n<meta name=\"twitter:card\" content=\"summary_large_image\" \/>\n<meta name=\"twitter:label1\" content=\"Verfasst von\" \/>\n\t<meta name=\"twitter:data1\" content=\"J\u00f6rg L\u00e4ssig\" \/>\n\t<meta name=\"twitter:label2\" content=\"Gesch\u00e4tzte Lesezeit\" \/>\n\t<meta name=\"twitter:data2\" content=\"3\u00a0Minuten\" \/>\n<script type=\"application\/ld+json\" class=\"yoast-schema-graph\">{\"@context\":\"https:\\\/\\\/schema.org\",\"@graph\":[{\"@type\":\"Article\",\"@id\":\"https:\\\/\\\/blog.klimastrategie.de\\\/index.php\\\/2019\\\/07\\\/01\\\/inm-management-update-2019-06\\\/#article\",\"isPartOf\":{\"@id\":\"https:\\\/\\\/blog.klimastrategie.de\\\/index.php\\\/2019\\\/07\\\/01\\\/inm-management-update-2019-06\\\/\"},\"author\":{\"name\":\"J\u00f6rg L\u00e4ssig\",\"@id\":\"https:\\\/\\\/blog.klimastrategie.de\\\/#\\\/schema\\\/person\\\/6da649177508393716a352870559a74c\"},\"headline\":\"INM Management Update 2019.06\",\"datePublished\":\"2019-07-01T10:00:40+00:00\",\"dateModified\":\"2019-07-10T14:32:32+00:00\",\"mainEntityOfPage\":{\"@id\":\"https:\\\/\\\/blog.klimastrategie.de\\\/index.php\\\/2019\\\/07\\\/01\\\/inm-management-update-2019-06\\\/\"},\"wordCount\":637,\"commentCount\":0,\"publisher\":{\"@id\":\"https:\\\/\\\/blog.klimastrategie.de\\\/#organization\"},\"image\":{\"@id\":\"https:\\\/\\\/blog.klimastrategie.de\\\/index.php\\\/2019\\\/07\\\/01\\\/inm-management-update-2019-06\\\/#primaryimage\"},\"thumbnailUrl\":\"https:\\\/\\\/blog.klimastrategie.de\\\/wp-content\\\/uploads\\\/2019\\\/07\\\/INM_Management_201906_Portfolioanalyse.png\",\"articleSection\":[\"INM Management\",\"Produkte\"],\"inLanguage\":\"de\"},{\"@type\":\"WebPage\",\"@id\":\"https:\\\/\\\/blog.klimastrategie.de\\\/index.php\\\/2019\\\/07\\\/01\\\/inm-management-update-2019-06\\\/\",\"url\":\"https:\\\/\\\/blog.klimastrategie.de\\\/index.php\\\/2019\\\/07\\\/01\\\/inm-management-update-2019-06\\\/\",\"name\":\"INM Management Update 2019.06 - INM kommunale Klimastrategie Blog\",\"isPartOf\":{\"@id\":\"https:\\\/\\\/blog.klimastrategie.de\\\/#website\"},\"primaryImageOfPage\":{\"@id\":\"https:\\\/\\\/blog.klimastrategie.de\\\/index.php\\\/2019\\\/07\\\/01\\\/inm-management-update-2019-06\\\/#primaryimage\"},\"image\":{\"@id\":\"https:\\\/\\\/blog.klimastrategie.de\\\/index.php\\\/2019\\\/07\\\/01\\\/inm-management-update-2019-06\\\/#primaryimage\"},\"thumbnailUrl\":\"https:\\\/\\\/blog.klimastrategie.de\\\/wp-content\\\/uploads\\\/2019\\\/07\\\/INM_Management_201906_Portfolioanalyse.png\",\"datePublished\":\"2019-07-01T10:00:40+00:00\",\"dateModified\":\"2019-07-10T14:32:32+00:00\",\"breadcrumb\":{\"@id\":\"https:\\\/\\\/blog.klimastrategie.de\\\/index.php\\\/2019\\\/07\\\/01\\\/inm-management-update-2019-06\\\/#breadcrumb\"},\"inLanguage\":\"de\",\"potentialAction\":[{\"@type\":\"ReadAction\",\"target\":[\"https:\\\/\\\/blog.klimastrategie.de\\\/index.php\\\/2019\\\/07\\\/01\\\/inm-management-update-2019-06\\\/\"]}]},{\"@type\":\"ImageObject\",\"inLanguage\":\"de\",\"@id\":\"https:\\\/\\\/blog.klimastrategie.de\\\/index.php\\\/2019\\\/07\\\/01\\\/inm-management-update-2019-06\\\/#primaryimage\",\"url\":\"https:\\\/\\\/blog.klimastrategie.de\\\/wp-content\\\/uploads\\\/2019\\\/07\\\/INM_Management_201906_Portfolioanalyse.png\",\"contentUrl\":\"https:\\\/\\\/blog.klimastrategie.de\\\/wp-content\\\/uploads\\\/2019\\\/07\\\/INM_Management_201906_Portfolioanalyse.png\",\"width\":1744,\"height\":1482,\"caption\":\"Viele unserer Diagrammdarstellungen haben ein neues Aussehen und neue Funktionen erhalten. Die Schnellauswertungen \\\"Kosten-Verbrauchs-Portfolio\\\" und \\\"Kennwerte-Ranking auf Geb\u00e4udeebene\\\" unterst\u00fctzten nun auch die Analyse des Durchschnitts der Jahre eines Referenzzeitraums.\"},{\"@type\":\"BreadcrumbList\",\"@id\":\"https:\\\/\\\/blog.klimastrategie.de\\\/index.php\\\/2019\\\/07\\\/01\\\/inm-management-update-2019-06\\\/#breadcrumb\",\"itemListElement\":[{\"@type\":\"ListItem\",\"position\":1,\"name\":\"Startseite\",\"item\":\"https:\\\/\\\/blog.klimastrategie.de\\\/\"},{\"@type\":\"ListItem\",\"position\":2,\"name\":\"INM Management Update 2019.06\"}]},{\"@type\":\"WebSite\",\"@id\":\"https:\\\/\\\/blog.klimastrategie.de\\\/#website\",\"url\":\"https:\\\/\\\/blog.klimastrategie.de\\\/\",\"name\":\"INM kommunale Klimastrategie Blog\",\"description\":\"Kommunales Energie- und Klimamanagement aus einer Hand\",\"publisher\":{\"@id\":\"https:\\\/\\\/blog.klimastrategie.de\\\/#organization\"},\"potentialAction\":[{\"@type\":\"SearchAction\",\"target\":{\"@type\":\"EntryPoint\",\"urlTemplate\":\"https:\\\/\\\/blog.klimastrategie.de\\\/?s={search_term_string}\"},\"query-input\":{\"@type\":\"PropertyValueSpecification\",\"valueRequired\":true,\"valueName\":\"search_term_string\"}}],\"inLanguage\":\"de\"},{\"@type\":\"Organization\",\"@id\":\"https:\\\/\\\/blog.klimastrategie.de\\\/#organization\",\"name\":\"INM Institut f\u00fcr Nachhaltigkeitsmanagement GmbH\",\"url\":\"https:\\\/\\\/blog.klimastrategie.de\\\/\",\"logo\":{\"@type\":\"ImageObject\",\"inLanguage\":\"de\",\"@id\":\"https:\\\/\\\/blog.klimastrategie.de\\\/#\\\/schema\\\/logo\\\/image\\\/\",\"url\":\"https:\\\/\\\/blog.klimastrategie.de\\\/wp-content\\\/uploads\\\/2017\\\/04\\\/logo_small.png\",\"contentUrl\":\"https:\\\/\\\/blog.klimastrategie.de\\\/wp-content\\\/uploads\\\/2017\\\/04\\\/logo_small.png\",\"width\":236,\"height\":50,\"caption\":\"INM Institut f\u00fcr Nachhaltigkeitsmanagement GmbH\"},\"image\":{\"@id\":\"https:\\\/\\\/blog.klimastrategie.de\\\/#\\\/schema\\\/logo\\\/image\\\/\"},\"sameAs\":[\"https:\\\/\\\/www.facebook.com\\\/klimastrategie\",\"https:\\\/\\\/www.linkedin.com\\\/company\\\/inm-institut\"]},{\"@type\":\"Person\",\"@id\":\"https:\\\/\\\/blog.klimastrategie.de\\\/#\\\/schema\\\/person\\\/6da649177508393716a352870559a74c\",\"name\":\"J\u00f6rg L\u00e4ssig\",\"image\":{\"@type\":\"ImageObject\",\"inLanguage\":\"de\",\"@id\":\"https:\\\/\\\/blog.klimastrategie.de\\\/wp-content\\\/uploads\\\/2016\\\/01\\\/laessig-150x143.jpg\",\"url\":\"https:\\\/\\\/blog.klimastrategie.de\\\/wp-content\\\/uploads\\\/2016\\\/01\\\/laessig-150x143.jpg\",\"contentUrl\":\"https:\\\/\\\/blog.klimastrategie.de\\\/wp-content\\\/uploads\\\/2016\\\/01\\\/laessig-150x143.jpg\",\"caption\":\"J\u00f6rg L\u00e4ssig\"},\"description\":\"J\u00f6rg L\u00e4ssig ist Professor f\u00fcr die Entwicklung von Unternehmensanwendungen an der Hochschule Zittau\\\/G\u00f6rlitz. Er besch\u00e4ftigt sich mit der Konzeptionierung und Entwicklung wirtschaftsnaher IT-Anwendungen und -Technologien. Dabei wird der IT-Einsatz insbesondere unter dem Gesichtspunkt der Nachhaltigkeit untersucht. Mit seinem Forschungsteam untersucht er neue Entwicklungen, um diese zeitnah als L\u00f6sung f\u00fcr Sie zur Verf\u00fcgung zu stellen.\",\"sameAs\":[\"http:\\\/\\\/www.klimastrategie.de\"],\"url\":\"https:\\\/\\\/blog.klimastrategie.de\\\/index.php\\\/author\\\/jlaessig\\\/\"}]}<\/script>\n<!-- \/ Yoast SEO plugin. -->","yoast_head_json":{"title":"INM Management Update 2019.06 - INM kommunale Klimastrategie Blog","robots":{"index":"index","follow":"follow","max-snippet":"max-snippet:-1","max-image-preview":"max-image-preview:large","max-video-preview":"max-video-preview:-1"},"canonical":"https:\/\/blog.klimastrategie.de\/index.php\/2019\/07\/01\/inm-management-update-2019-06\/","og_locale":"de_DE","og_type":"article","og_title":"INM Management Update 2019.06 - INM kommunale Klimastrategie Blog","og_description":"Wir freu\u00aden uns sehr, Ihnen heu\u00adte unser all\u00adj\u00e4hr\u00adli\u00adches Som\u00admer-Update pr\u00e4\u00adsen\u00adtie\u00adren zu k\u00f6n\u00adnen. Der Fokus der Ent\u00adwick\u00adlun\u00adgen unse\u00adres INM Manage\u00adment Update 2019.06 lag haupt\u00ads\u00e4ch\u00adlich auf der Ein\u00adf\u00fch\u00adrung eines neu\u00aden tech\u00adni\u00adschen Unter\u00adbaus,&#8230;","og_url":"https:\/\/blog.klimastrategie.de\/index.php\/2019\/07\/01\/inm-management-update-2019-06\/","og_site_name":"INM kommunale Klimastrategie Blog","article_publisher":"https:\/\/www.facebook.com\/klimastrategie","article_published_time":"2019-07-01T10:00:40+00:00","article_modified_time":"2019-07-10T14:32:32+00:00","og_image":[{"width":1744,"height":1482,"url":"https:\/\/blog.klimastrategie.de\/wp-content\/uploads\/2019\/07\/INM_Management_201906_Portfolioanalyse.png","type":"image\/png"}],"author":"J\u00f6rg L\u00e4ssig","twitter_card":"summary_large_image","twitter_misc":{"Verfasst von":"J\u00f6rg L\u00e4ssig","Gesch\u00e4tzte Lesezeit":"3\u00a0Minuten"},"schema":{"@context":"https:\/\/schema.org","@graph":[{"@type":"Article","@id":"https:\/\/blog.klimastrategie.de\/index.php\/2019\/07\/01\/inm-management-update-2019-06\/#article","isPartOf":{"@id":"https:\/\/blog.klimastrategie.de\/index.php\/2019\/07\/01\/inm-management-update-2019-06\/"},"author":{"name":"J\u00f6rg L\u00e4ssig","@id":"https:\/\/blog.klimastrategie.de\/#\/schema\/person\/6da649177508393716a352870559a74c"},"headline":"INM Management Update 2019.06","datePublished":"2019-07-01T10:00:40+00:00","dateModified":"2019-07-10T14:32:32+00:00","mainEntityOfPage":{"@id":"https:\/\/blog.klimastrategie.de\/index.php\/2019\/07\/01\/inm-management-update-2019-06\/"},"wordCount":637,"commentCount":0,"publisher":{"@id":"https:\/\/blog.klimastrategie.de\/#organization"},"image":{"@id":"https:\/\/blog.klimastrategie.de\/index.php\/2019\/07\/01\/inm-management-update-2019-06\/#primaryimage"},"thumbnailUrl":"https:\/\/blog.klimastrategie.de\/wp-content\/uploads\/2019\/07\/INM_Management_201906_Portfolioanalyse.png","articleSection":["INM Management","Produkte"],"inLanguage":"de"},{"@type":"WebPage","@id":"https:\/\/blog.klimastrategie.de\/index.php\/2019\/07\/01\/inm-management-update-2019-06\/","url":"https:\/\/blog.klimastrategie.de\/index.php\/2019\/07\/01\/inm-management-update-2019-06\/","name":"INM Management Update 2019.06 - INM kommunale Klimastrategie Blog","isPartOf":{"@id":"https:\/\/blog.klimastrategie.de\/#website"},"primaryImageOfPage":{"@id":"https:\/\/blog.klimastrategie.de\/index.php\/2019\/07\/01\/inm-management-update-2019-06\/#primaryimage"},"image":{"@id":"https:\/\/blog.klimastrategie.de\/index.php\/2019\/07\/01\/inm-management-update-2019-06\/#primaryimage"},"thumbnailUrl":"https:\/\/blog.klimastrategie.de\/wp-content\/uploads\/2019\/07\/INM_Management_201906_Portfolioanalyse.png","datePublished":"2019-07-01T10:00:40+00:00","dateModified":"2019-07-10T14:32:32+00:00","breadcrumb":{"@id":"https:\/\/blog.klimastrategie.de\/index.php\/2019\/07\/01\/inm-management-update-2019-06\/#breadcrumb"},"inLanguage":"de","potentialAction":[{"@type":"ReadAction","target":["https:\/\/blog.klimastrategie.de\/index.php\/2019\/07\/01\/inm-management-update-2019-06\/"]}]},{"@type":"ImageObject","inLanguage":"de","@id":"https:\/\/blog.klimastrategie.de\/index.php\/2019\/07\/01\/inm-management-update-2019-06\/#primaryimage","url":"https:\/\/blog.klimastrategie.de\/wp-content\/uploads\/2019\/07\/INM_Management_201906_Portfolioanalyse.png","contentUrl":"https:\/\/blog.klimastrategie.de\/wp-content\/uploads\/2019\/07\/INM_Management_201906_Portfolioanalyse.png","width":1744,"height":1482,"caption":"Viele unserer Diagrammdarstellungen haben ein neues Aussehen und neue Funktionen erhalten. Die Schnellauswertungen \"Kosten-Verbrauchs-Portfolio\" und \"Kennwerte-Ranking auf Geb\u00e4udeebene\" unterst\u00fctzten nun auch die Analyse des Durchschnitts der Jahre eines Referenzzeitraums."},{"@type":"BreadcrumbList","@id":"https:\/\/blog.klimastrategie.de\/index.php\/2019\/07\/01\/inm-management-update-2019-06\/#breadcrumb","itemListElement":[{"@type":"ListItem","position":1,"name":"Startseite","item":"https:\/\/blog.klimastrategie.de\/"},{"@type":"ListItem","position":2,"name":"INM Management Update 2019.06"}]},{"@type":"WebSite","@id":"https:\/\/blog.klimastrategie.de\/#website","url":"https:\/\/blog.klimastrategie.de\/","name":"INM kommunale Klimastrategie Blog","description":"Kommunales Energie- und Klimamanagement aus einer Hand","publisher":{"@id":"https:\/\/blog.klimastrategie.de\/#organization"},"potentialAction":[{"@type":"SearchAction","target":{"@type":"EntryPoint","urlTemplate":"https:\/\/blog.klimastrategie.de\/?s={search_term_string}"},"query-input":{"@type":"PropertyValueSpecification","valueRequired":true,"valueName":"search_term_string"}}],"inLanguage":"de"},{"@type":"Organization","@id":"https:\/\/blog.klimastrategie.de\/#organization","name":"INM Institut f\u00fcr Nachhaltigkeitsmanagement GmbH","url":"https:\/\/blog.klimastrategie.de\/","logo":{"@type":"ImageObject","inLanguage":"de","@id":"https:\/\/blog.klimastrategie.de\/#\/schema\/logo\/image\/","url":"https:\/\/blog.klimastrategie.de\/wp-content\/uploads\/2017\/04\/logo_small.png","contentUrl":"https:\/\/blog.klimastrategie.de\/wp-content\/uploads\/2017\/04\/logo_small.png","width":236,"height":50,"caption":"INM Institut f\u00fcr Nachhaltigkeitsmanagement GmbH"},"image":{"@id":"https:\/\/blog.klimastrategie.de\/#\/schema\/logo\/image\/"},"sameAs":["https:\/\/www.facebook.com\/klimastrategie","https:\/\/www.linkedin.com\/company\/inm-institut"]},{"@type":"Person","@id":"https:\/\/blog.klimastrategie.de\/#\/schema\/person\/6da649177508393716a352870559a74c","name":"J\u00f6rg L\u00e4ssig","image":{"@type":"ImageObject","inLanguage":"de","@id":"https:\/\/blog.klimastrategie.de\/wp-content\/uploads\/2016\/01\/laessig-150x143.jpg","url":"https:\/\/blog.klimastrategie.de\/wp-content\/uploads\/2016\/01\/laessig-150x143.jpg","contentUrl":"https:\/\/blog.klimastrategie.de\/wp-content\/uploads\/2016\/01\/laessig-150x143.jpg","caption":"J\u00f6rg L\u00e4ssig"},"description":"J\u00f6rg L\u00e4ssig ist Professor f\u00fcr die Entwicklung von Unternehmensanwendungen an der Hochschule Zittau\/G\u00f6rlitz. Er besch\u00e4ftigt sich mit der Konzeptionierung und Entwicklung wirtschaftsnaher IT-Anwendungen und -Technologien. Dabei wird der IT-Einsatz insbesondere unter dem Gesichtspunkt der Nachhaltigkeit untersucht. Mit seinem Forschungsteam untersucht er neue Entwicklungen, um diese zeitnah als L\u00f6sung f\u00fcr Sie zur Verf\u00fcgung zu stellen.","sameAs":["http:\/\/www.klimastrategie.de"],"url":"https:\/\/blog.klimastrategie.de\/index.php\/author\/jlaessig\/"}]}},"_links":{"self":[{"href":"https:\/\/blog.klimastrategie.de\/index.php\/wp-json\/wp\/v2\/posts\/768","targetHints":{"allow":["GET"]}}],"collection":[{"href":"https:\/\/blog.klimastrategie.de\/index.php\/wp-json\/wp\/v2\/posts"}],"about":[{"href":"https:\/\/blog.klimastrategie.de\/index.php\/wp-json\/wp\/v2\/types\/post"}],"author":[{"embeddable":true,"href":"https:\/\/blog.klimastrategie.de\/index.php\/wp-json\/wp\/v2\/users\/3"}],"replies":[{"embeddable":true,"href":"https:\/\/blog.klimastrategie.de\/index.php\/wp-json\/wp\/v2\/comments?post=768"}],"version-history":[{"count":31,"href":"https:\/\/blog.klimastrategie.de\/index.php\/wp-json\/wp\/v2\/posts\/768\/revisions"}],"predecessor-version":[{"id":867,"href":"https:\/\/blog.klimastrategie.de\/index.php\/wp-json\/wp\/v2\/posts\/768\/revisions\/867"}],"wp:featuredmedia":[{"embeddable":true,"href":"https:\/\/blog.klimastrategie.de\/index.php\/wp-json\/wp\/v2\/media\/813"}],"wp:attachment":[{"href":"https:\/\/blog.klimastrategie.de\/index.php\/wp-json\/wp\/v2\/media?parent=768"}],"wp:term":[{"taxonomy":"category","embeddable":true,"href":"https:\/\/blog.klimastrategie.de\/index.php\/wp-json\/wp\/v2\/categories?post=768"},{"taxonomy":"post_tag","embeddable":true,"href":"https:\/\/blog.klimastrategie.de\/index.php\/wp-json\/wp\/v2\/tags?post=768"}],"curies":[{"name":"wp","href":"https:\/\/api.w.org\/{rel}","templated":true}]}}