{"id":66,"date":"2016-01-24T18:59:39","date_gmt":"2016-01-24T17:59:39","guid":{"rendered":"http:\/\/blog.klimastrategie.de\/?p=66"},"modified":"2016-01-24T18:59:39","modified_gmt":"2016-01-24T17:59:39","slug":"die-inm-kommunale-klimastrategie-stellt-sich-vor","status":"publish","type":"post","link":"https:\/\/blog.klimastrategie.de\/index.php\/2016\/01\/24\/die-inm-kommunale-klimastrategie-stellt-sich-vor\/","title":{"rendered":"Die INM kommunale Klimastrategie stellt sich&nbsp;vor"},"content":{"rendered":"<p><img decoding=\"async\" id=\"img-klimastrategie-full\" class=\"img-responsive img-centered alignleft\" src=\"https:\/\/klimastrategie.de\/javax.faces.resource\/images\/klimastrategie_full.png.xhtml\" alt=\"INM Kommunale Klimastrategie\">Herz\u00adlich Will\u00adkom\u00admen auf dem <strong>Blog der INM kom\u00admu\u00adna\u00adlen Kli\u00adma\u00adstra\u00adte\u00adgie<\/strong>. Zuk\u00fcnf\u00adtig infor\u00admie\u00adren&nbsp;wir&nbsp;Sie&nbsp;an die\u00adser Stel\u00adle regel\u00adm\u00e4\u00ad\u00dfig \u00fcber aktu\u00adel\u00adle Ent\u00adwick\u00adlun\u00adgen zu unse\u00adren Online-Diens\u00adten, zu den poli\u00adti\u00adschen Rah\u00admen\u00adbe\u00addin\u00adgun\u00adgen im Bereich Ener\u00adgie und Kli\u00adma\u00adschutz sowie neu\u00aden F\u00f6r\u00adder\u00adpro\u00adgram\u00admen, die Sie bei der Umset\u00adzung der Ener\u00adgie\u00adwen\u00adde im kom\u00admu\u00adna\u00adlen Kon\u00adtext opti\u00admal unterst\u00fctzen.<\/p>\n<p><!--more--><\/p>\n<p class=\"text-justify\">Begin\u00adnen m\u00f6ch\u00adten wir hier zun\u00e4chst mit der Vor\u00adstel\u00adlung der&nbsp;Online-Diens\u00adte der&nbsp;<strong><a href=\"https:\/\/klimastrategie.de\/\" target=\"_blank\">INM Kli\u00adma\u00adstra\u00adte\u00adgie<\/a><\/strong>.&nbsp;Dabei han\u00addelt es sich um einen Kanon von vier eng auf\u00adein\u00adan\u00adder abge\u00adstimm\u00adten Brow\u00adser-basier\u00adten Soft\u00adware\u00adl\u00f6\u00adsun\u00adgen, die Sie direkt in Ihre bestehen\u00adden Pro\u00adzes\u00adse inte\u00adgrie\u00adren k\u00f6n\u00adnen. Unse\u00adrer L\u00f6sun\u00adgen hel\u00adfen&nbsp;Ihrer Gemein\u00adde oder Ihrem Land\u00adkreis den Ener\u00adgie\u00adver\u00adbrauch und den Treib\u00adhaus\u00adgas\u00adaus\u00adsto\u00df zu sen\u00adken. Wir bie\u00adten ein\u00adfach anzu\u00adwen\u00adden\u00adde Web-basier\u00adte L\u00f6sun\u00adgen in Kom\u00adbi\u00adna\u00adti\u00adon mit einer Bera\u00adtung und Anlei\u00adtung durch Exper\u00adten, um schnell Erfol\u00adge zu erzielen.<\/p>\n<p class=\"text-justify\">Die vier Pro\u00adduk\u00adte <strong><a href=\"https:\/\/monitoring.klimastrategie.de\/\" target=\"_blank\">INM Moni\u00adto\u00adring<\/a><\/strong>, <strong><a href=\"https:\/\/management.klimastrategie.de\/\" target=\"_blank\">INM Manage\u00adment<\/a><\/strong>, <strong><a href=\"https:\/\/footprint.klimastrategie.de\/\" target=\"_blank\">INM Foot\u00adprint<\/a><\/strong> und <strong><a href=\"https:\/\/klimastrategie.de\/index#planning\" target=\"_blank\">INM Plan\u00adning<\/a><\/strong> sind opti\u00admal auf\u00adein\u00adan\u00adder abge\u00adstimmt. So k\u00f6n\u00adnen die in <strong>INM Moni\u00adto\u00adring<\/strong> tele\u00adme\u00adtrisch erfass\u00adten Ver\u00adbrauchs\u00adda\u00adten in Lie\u00adgen\u00adschaf\u00adten und Geb\u00e4u\u00adden direkt und ohne wei\u00adte\u00adre Instal\u00adla\u00adtio\u00adnen in <strong>INM Manage\u00adment<\/strong> zur Aus\u00adwer\u00adtung des Ener\u00adgie- und Res\u00adsour\u00adcen\u00adver\u00adbrauchs sowie zur Berichts\u00ader\u00adstel\u00adlung auf Knopf\u00addruck wei\u00adter\u00adver\u00adar\u00adbei\u00adtet wer\u00adden. Aktu\u00adel\u00adle kom\u00admu\u00adna\u00adle Emis\u00adsio\u00adnen wer\u00adden in einer Treib\u00adhaus\u00adgas\u00adbi\u00adlan\u00adzie\u00adrung im Ist-Stand mit\u00adtels <strong>INM Foot\u00adprint<\/strong> ermit\u00adtelt. Sze\u00adna\u00adri\u00aden wer\u00adden mit <strong>INM Plan\u00adning<\/strong> zur Ent\u00adwick\u00adlung von Hand\u00adlungs\u00adop\u00adtio\u00adnen in allen rele\u00advan\u00adten Sek\u00adto\u00adren erstellt. Dies umfasst die Berei\u00adche Ener\u00adgie, Ver\u00adkehr, Indus\u00adtrie, Land\u00adwirt\u00adschaft, Abfall\u00adwirt\u00adschaft, agg\u00adre\u00adgier\u00adte Quel\u00adlen und atmo\u00adsph\u00e4\u00adri\u00adsche Deposition.<\/p>\n<p>Gene\u00adrell bie\u00adtet der Ein\u00adsatz unse\u00adrer L\u00f6sun\u00adgen die fol\u00adgen\u00adden Vorteile:<\/p>\n<ul>\n<li>Web-Appli\u00adka\u00adtio\u00adnen: <strong>kein Installations\u2011, War\u00adtungs- und Administrationsaufwand<\/strong><\/li>\n<li>Pro\u00adzess-inte\u00adgrier\u00adte Unter\u00adst\u00fct\u00adzung durch Ihren <strong>per\u00ads\u00f6n\u00adli\u00adchen Fachberater<\/strong><\/li>\n<li>moder\u00adne, <strong>intui\u00adtiv bedien\u00adba\u00adre Benutzeroberfl\u00e4che<\/strong><\/li>\n<li>egal ob PC, Tablett oder Smart\u00adphone: auf allen End\u00adge\u00adr\u00e4\u00adten nutzbar<\/li>\n<li>umfas\u00adsen\u00addes <strong>Berech\u00adti\u00adgungs\u00adkon\u00adzept mit ver\u00adschie\u00adde\u00adnen Benutzerrollen<\/strong><\/li>\n<li>pro\u00adfes\u00adsio\u00adnel\u00adles Hos\u00adting bei hohen Sicher\u00adheits\u00adstan\u00addards und kon\u00adti\u00adnu\u00adier\u00adli\u00adcher Verf\u00fcgbarkeit<\/li>\n<li><strong>kon\u00adti\u00adnu\u00adier\u00adli\u00adche Pfle\u00adge<\/strong> von Hin\u00adter\u00adgrund\u00adda\u00adten, Emis\u00adsi\u00adons\u00adfak\u00adto\u00adren und Witterungsinformationen<\/li>\n<\/ul>\n<p>Nut\u00adzen Sie die Gele\u00adgen\u00adheit und holen Sie sich <strong><a href=\"https:\/\/management.klimastrategie.de\/request\" target=\"_blank\">jetzt Ihren Test\u00adzu\u00adgang<\/a><\/strong>! Wir emp\u00adfeh\u00adlen Ihnen einen rei\u00adbungs\u00adlo\u00adsen&nbsp;Start mit <strong><a href=\"https:\/\/management.klimastrategie.de\/request\" target=\"_blank\">INM Manage\u00adment<\/a><\/strong>.<\/p>\n<p>Viel Spa\u00df w\u00fcn\u00adschen wir Ihnen beim Aus\u00adpro\u00adbie\u00adren unse\u00adrer Klimastrategie-Dienste!<\/p>\n","protected":false},"excerpt":{"rendered":"<p>Herz\u00adlich Will\u00adkom\u00admen auf dem Blog der INM kom\u00admu\u00adna\u00adlen Kli\u00adma\u00adstra\u00adte\u00adgie. Zuk\u00fcnf\u00adtig infor\u00admie\u00adren&nbsp;wir&nbsp;Sie&nbsp;an die\u00adser Stel\u00adle regel\u00adm\u00e4\u00ad\u00dfig \u00fcber aktu\u00adel\u00adle Ent\u00adwick\u00adlun\u00adgen zu unse\u00adren Online-Diens\u00ad\u00adten, zu den poli\u00adti\u00adschen Rah\u00admen\u00adbe\u00addin\u00adgun\u00adgen im Bereich Ener\u00adgie und Kli\u00adma\u00adschutz sowie\u2026<\/p>\n","protected":false},"author":3,"featured_media":0,"comment_status":"open","ping_status":"open","sticky":false,"template":"","format":"standard","meta":{"inline_featured_image":false,"wp_typography_post_enhancements_disabled":false,"footnotes":""},"categories":[3],"tags":[],"class_list":["post-66","post","type-post","status-publish","format-standard","hentry","category-produkte","entry"],"yoast_head":"<!-- This site is optimized with the Yoast SEO plugin v27.5 - https:\/\/yoast.com\/product\/yoast-seo-wordpress\/ -->\n<title>Die INM kommunale Klimastrategie stellt sich vor - INM kommunale Klimastrategie Blog<\/title>\n<meta name=\"robots\" content=\"index, follow, max-snippet:-1, max-image-preview:large, max-video-preview:-1\" \/>\n<link rel=\"canonical\" href=\"https:\/\/blog.klimastrategie.de\/index.php\/2016\/01\/24\/die-inm-kommunale-klimastrategie-stellt-sich-vor\/\" \/>\n<meta property=\"og:locale\" content=\"de_DE\" \/>\n<meta property=\"og:type\" content=\"article\" \/>\n<meta property=\"og:title\" content=\"Die INM kommunale Klimastrategie stellt sich vor - INM kommunale Klimastrategie Blog\" \/>\n<meta property=\"og:description\" content=\"Herz\u00adlich Will\u00adkom\u00admen auf dem Blog der INM kom\u00admu\u00adna\u00adlen Kli\u00adma\u00adstra\u00adte\u00adgie. Zuk\u00fcnf\u00adtig infor\u00admie\u00adren&nbsp;wir&nbsp;Sie&nbsp;an die\u00adser Stel\u00adle regel\u00adm\u00e4\u00ad\u00dfig \u00fcber aktu\u00adel\u00adle Ent\u00adwick\u00adlun\u00adgen zu unse\u00adren Online-Diens\u00adten, zu den poli\u00adti\u00adschen Rah\u00admen\u00adbe\u00addin\u00adgun\u00adgen im Bereich Ener\u00adgie und Kli\u00adma\u00adschutz sowie&#8230;\" \/>\n<meta property=\"og:url\" content=\"https:\/\/blog.klimastrategie.de\/index.php\/2016\/01\/24\/die-inm-kommunale-klimastrategie-stellt-sich-vor\/\" \/>\n<meta property=\"og:site_name\" content=\"INM kommunale Klimastrategie Blog\" \/>\n<meta property=\"article:publisher\" content=\"https:\/\/www.facebook.com\/klimastrategie\" \/>\n<meta property=\"article:published_time\" content=\"2016-01-24T17:59:39+00:00\" \/>\n<meta property=\"og:image\" content=\"https:\/\/klimastrategie.de\/javax.faces.resource\/images\/klimastrategie_full.png.xhtml\" \/>\n<meta name=\"author\" content=\"J\u00f6rg L\u00e4ssig\" \/>\n<meta name=\"twitter:card\" content=\"summary_large_image\" \/>\n<meta name=\"twitter:label1\" content=\"Verfasst von\" \/>\n\t<meta name=\"twitter:data1\" content=\"J\u00f6rg L\u00e4ssig\" \/>\n\t<meta name=\"twitter:label2\" content=\"Gesch\u00e4tzte Lesezeit\" \/>\n\t<meta name=\"twitter:data2\" content=\"2\u00a0Minuten\" \/>\n<script type=\"application\/ld+json\" class=\"yoast-schema-graph\">{\"@context\":\"https:\\\/\\\/schema.org\",\"@graph\":[{\"@type\":\"Article\",\"@id\":\"https:\\\/\\\/blog.klimastrategie.de\\\/index.php\\\/2016\\\/01\\\/24\\\/die-inm-kommunale-klimastrategie-stellt-sich-vor\\\/#article\",\"isPartOf\":{\"@id\":\"https:\\\/\\\/blog.klimastrategie.de\\\/index.php\\\/2016\\\/01\\\/24\\\/die-inm-kommunale-klimastrategie-stellt-sich-vor\\\/\"},\"author\":{\"name\":\"J\u00f6rg L\u00e4ssig\",\"@id\":\"https:\\\/\\\/blog.klimastrategie.de\\\/#\\\/schema\\\/person\\\/6da649177508393716a352870559a74c\"},\"headline\":\"Die INM kommunale Klimastrategie stellt sich&nbsp;vor\",\"datePublished\":\"2016-01-24T17:59:39+00:00\",\"mainEntityOfPage\":{\"@id\":\"https:\\\/\\\/blog.klimastrategie.de\\\/index.php\\\/2016\\\/01\\\/24\\\/die-inm-kommunale-klimastrategie-stellt-sich-vor\\\/\"},\"wordCount\":320,\"commentCount\":0,\"publisher\":{\"@id\":\"https:\\\/\\\/blog.klimastrategie.de\\\/#organization\"},\"image\":{\"@id\":\"https:\\\/\\\/blog.klimastrategie.de\\\/index.php\\\/2016\\\/01\\\/24\\\/die-inm-kommunale-klimastrategie-stellt-sich-vor\\\/#primaryimage\"},\"thumbnailUrl\":\"https:\\\/\\\/klimastrategie.de\\\/javax.faces.resource\\\/images\\\/klimastrategie_full.png.xhtml\",\"articleSection\":[\"Produkte\"],\"inLanguage\":\"de\"},{\"@type\":\"WebPage\",\"@id\":\"https:\\\/\\\/blog.klimastrategie.de\\\/index.php\\\/2016\\\/01\\\/24\\\/die-inm-kommunale-klimastrategie-stellt-sich-vor\\\/\",\"url\":\"https:\\\/\\\/blog.klimastrategie.de\\\/index.php\\\/2016\\\/01\\\/24\\\/die-inm-kommunale-klimastrategie-stellt-sich-vor\\\/\",\"name\":\"Die INM kommunale Klimastrategie stellt sich vor - INM kommunale Klimastrategie Blog\",\"isPartOf\":{\"@id\":\"https:\\\/\\\/blog.klimastrategie.de\\\/#website\"},\"primaryImageOfPage\":{\"@id\":\"https:\\\/\\\/blog.klimastrategie.de\\\/index.php\\\/2016\\\/01\\\/24\\\/die-inm-kommunale-klimastrategie-stellt-sich-vor\\\/#primaryimage\"},\"image\":{\"@id\":\"https:\\\/\\\/blog.klimastrategie.de\\\/index.php\\\/2016\\\/01\\\/24\\\/die-inm-kommunale-klimastrategie-stellt-sich-vor\\\/#primaryimage\"},\"thumbnailUrl\":\"https:\\\/\\\/klimastrategie.de\\\/javax.faces.resource\\\/images\\\/klimastrategie_full.png.xhtml\",\"datePublished\":\"2016-01-24T17:59:39+00:00\",\"breadcrumb\":{\"@id\":\"https:\\\/\\\/blog.klimastrategie.de\\\/index.php\\\/2016\\\/01\\\/24\\\/die-inm-kommunale-klimastrategie-stellt-sich-vor\\\/#breadcrumb\"},\"inLanguage\":\"de\",\"potentialAction\":[{\"@type\":\"ReadAction\",\"target\":[\"https:\\\/\\\/blog.klimastrategie.de\\\/index.php\\\/2016\\\/01\\\/24\\\/die-inm-kommunale-klimastrategie-stellt-sich-vor\\\/\"]}]},{\"@type\":\"ImageObject\",\"inLanguage\":\"de\",\"@id\":\"https:\\\/\\\/blog.klimastrategie.de\\\/index.php\\\/2016\\\/01\\\/24\\\/die-inm-kommunale-klimastrategie-stellt-sich-vor\\\/#primaryimage\",\"url\":\"https:\\\/\\\/klimastrategie.de\\\/javax.faces.resource\\\/images\\\/klimastrategie_full.png.xhtml\",\"contentUrl\":\"https:\\\/\\\/klimastrategie.de\\\/javax.faces.resource\\\/images\\\/klimastrategie_full.png.xhtml\"},{\"@type\":\"BreadcrumbList\",\"@id\":\"https:\\\/\\\/blog.klimastrategie.de\\\/index.php\\\/2016\\\/01\\\/24\\\/die-inm-kommunale-klimastrategie-stellt-sich-vor\\\/#breadcrumb\",\"itemListElement\":[{\"@type\":\"ListItem\",\"position\":1,\"name\":\"Startseite\",\"item\":\"https:\\\/\\\/blog.klimastrategie.de\\\/\"},{\"@type\":\"ListItem\",\"position\":2,\"name\":\"Die INM kommunale Klimastrategie stellt sich&nbsp;vor\"}]},{\"@type\":\"WebSite\",\"@id\":\"https:\\\/\\\/blog.klimastrategie.de\\\/#website\",\"url\":\"https:\\\/\\\/blog.klimastrategie.de\\\/\",\"name\":\"INM kommunale Klimastrategie Blog\",\"description\":\"Kommunales Energie- und Klimamanagement aus einer Hand\",\"publisher\":{\"@id\":\"https:\\\/\\\/blog.klimastrategie.de\\\/#organization\"},\"potentialAction\":[{\"@type\":\"SearchAction\",\"target\":{\"@type\":\"EntryPoint\",\"urlTemplate\":\"https:\\\/\\\/blog.klimastrategie.de\\\/?s={search_term_string}\"},\"query-input\":{\"@type\":\"PropertyValueSpecification\",\"valueRequired\":true,\"valueName\":\"search_term_string\"}}],\"inLanguage\":\"de\"},{\"@type\":\"Organization\",\"@id\":\"https:\\\/\\\/blog.klimastrategie.de\\\/#organization\",\"name\":\"INM Institut f\u00fcr Nachhaltigkeitsmanagement GmbH\",\"url\":\"https:\\\/\\\/blog.klimastrategie.de\\\/\",\"logo\":{\"@type\":\"ImageObject\",\"inLanguage\":\"de\",\"@id\":\"https:\\\/\\\/blog.klimastrategie.de\\\/#\\\/schema\\\/logo\\\/image\\\/\",\"url\":\"https:\\\/\\\/blog.klimastrategie.de\\\/wp-content\\\/uploads\\\/2017\\\/04\\\/logo_small.png\",\"contentUrl\":\"https:\\\/\\\/blog.klimastrategie.de\\\/wp-content\\\/uploads\\\/2017\\\/04\\\/logo_small.png\",\"width\":236,\"height\":50,\"caption\":\"INM Institut f\u00fcr Nachhaltigkeitsmanagement GmbH\"},\"image\":{\"@id\":\"https:\\\/\\\/blog.klimastrategie.de\\\/#\\\/schema\\\/logo\\\/image\\\/\"},\"sameAs\":[\"https:\\\/\\\/www.facebook.com\\\/klimastrategie\",\"https:\\\/\\\/www.linkedin.com\\\/company\\\/inm-institut\"]},{\"@type\":\"Person\",\"@id\":\"https:\\\/\\\/blog.klimastrategie.de\\\/#\\\/schema\\\/person\\\/6da649177508393716a352870559a74c\",\"name\":\"J\u00f6rg L\u00e4ssig\",\"image\":{\"@type\":\"ImageObject\",\"inLanguage\":\"de\",\"@id\":\"https:\\\/\\\/blog.klimastrategie.de\\\/wp-content\\\/uploads\\\/2016\\\/01\\\/laessig-150x143.jpg\",\"url\":\"https:\\\/\\\/blog.klimastrategie.de\\\/wp-content\\\/uploads\\\/2016\\\/01\\\/laessig-150x143.jpg\",\"contentUrl\":\"https:\\\/\\\/blog.klimastrategie.de\\\/wp-content\\\/uploads\\\/2016\\\/01\\\/laessig-150x143.jpg\",\"caption\":\"J\u00f6rg L\u00e4ssig\"},\"description\":\"J\u00f6rg L\u00e4ssig ist Professor f\u00fcr die Entwicklung von Unternehmensanwendungen an der Hochschule Zittau\\\/G\u00f6rlitz. Er besch\u00e4ftigt sich mit der Konzeptionierung und Entwicklung wirtschaftsnaher IT-Anwendungen und -Technologien. Dabei wird der IT-Einsatz insbesondere unter dem Gesichtspunkt der Nachhaltigkeit untersucht. Mit seinem Forschungsteam untersucht er neue Entwicklungen, um diese zeitnah als L\u00f6sung f\u00fcr Sie zur Verf\u00fcgung zu stellen.\",\"sameAs\":[\"http:\\\/\\\/www.klimastrategie.de\"],\"url\":\"https:\\\/\\\/blog.klimastrategie.de\\\/index.php\\\/author\\\/jlaessig\\\/\"}]}<\/script>\n<!-- \/ Yoast SEO plugin. -->","yoast_head_json":{"title":"Die INM kommunale Klimastrategie stellt sich vor - INM kommunale Klimastrategie Blog","robots":{"index":"index","follow":"follow","max-snippet":"max-snippet:-1","max-image-preview":"max-image-preview:large","max-video-preview":"max-video-preview:-1"},"canonical":"https:\/\/blog.klimastrategie.de\/index.php\/2016\/01\/24\/die-inm-kommunale-klimastrategie-stellt-sich-vor\/","og_locale":"de_DE","og_type":"article","og_title":"Die INM kommunale Klimastrategie stellt sich vor - INM kommunale Klimastrategie Blog","og_description":"Herz\u00adlich Will\u00adkom\u00admen auf dem Blog der INM kom\u00admu\u00adna\u00adlen Kli\u00adma\u00adstra\u00adte\u00adgie. Zuk\u00fcnf\u00adtig infor\u00admie\u00adren&nbsp;wir&nbsp;Sie&nbsp;an die\u00adser Stel\u00adle regel\u00adm\u00e4\u00ad\u00dfig \u00fcber aktu\u00adel\u00adle Ent\u00adwick\u00adlun\u00adgen zu unse\u00adren Online-Diens\u00adten, zu den poli\u00adti\u00adschen Rah\u00admen\u00adbe\u00addin\u00adgun\u00adgen im Bereich Ener\u00adgie und Kli\u00adma\u00adschutz sowie&#8230;","og_url":"https:\/\/blog.klimastrategie.de\/index.php\/2016\/01\/24\/die-inm-kommunale-klimastrategie-stellt-sich-vor\/","og_site_name":"INM kommunale Klimastrategie Blog","article_publisher":"https:\/\/www.facebook.com\/klimastrategie","article_published_time":"2016-01-24T17:59:39+00:00","og_image":[{"url":"https:\/\/klimastrategie.de\/javax.faces.resource\/images\/klimastrategie_full.png.xhtml","type":"","width":"","height":""}],"author":"J\u00f6rg L\u00e4ssig","twitter_card":"summary_large_image","twitter_misc":{"Verfasst von":"J\u00f6rg L\u00e4ssig","Gesch\u00e4tzte Lesezeit":"2\u00a0Minuten"},"schema":{"@context":"https:\/\/schema.org","@graph":[{"@type":"Article","@id":"https:\/\/blog.klimastrategie.de\/index.php\/2016\/01\/24\/die-inm-kommunale-klimastrategie-stellt-sich-vor\/#article","isPartOf":{"@id":"https:\/\/blog.klimastrategie.de\/index.php\/2016\/01\/24\/die-inm-kommunale-klimastrategie-stellt-sich-vor\/"},"author":{"name":"J\u00f6rg L\u00e4ssig","@id":"https:\/\/blog.klimastrategie.de\/#\/schema\/person\/6da649177508393716a352870559a74c"},"headline":"Die INM kommunale Klimastrategie stellt sich&nbsp;vor","datePublished":"2016-01-24T17:59:39+00:00","mainEntityOfPage":{"@id":"https:\/\/blog.klimastrategie.de\/index.php\/2016\/01\/24\/die-inm-kommunale-klimastrategie-stellt-sich-vor\/"},"wordCount":320,"commentCount":0,"publisher":{"@id":"https:\/\/blog.klimastrategie.de\/#organization"},"image":{"@id":"https:\/\/blog.klimastrategie.de\/index.php\/2016\/01\/24\/die-inm-kommunale-klimastrategie-stellt-sich-vor\/#primaryimage"},"thumbnailUrl":"https:\/\/klimastrategie.de\/javax.faces.resource\/images\/klimastrategie_full.png.xhtml","articleSection":["Produkte"],"inLanguage":"de"},{"@type":"WebPage","@id":"https:\/\/blog.klimastrategie.de\/index.php\/2016\/01\/24\/die-inm-kommunale-klimastrategie-stellt-sich-vor\/","url":"https:\/\/blog.klimastrategie.de\/index.php\/2016\/01\/24\/die-inm-kommunale-klimastrategie-stellt-sich-vor\/","name":"Die INM kommunale Klimastrategie stellt sich vor - INM kommunale Klimastrategie Blog","isPartOf":{"@id":"https:\/\/blog.klimastrategie.de\/#website"},"primaryImageOfPage":{"@id":"https:\/\/blog.klimastrategie.de\/index.php\/2016\/01\/24\/die-inm-kommunale-klimastrategie-stellt-sich-vor\/#primaryimage"},"image":{"@id":"https:\/\/blog.klimastrategie.de\/index.php\/2016\/01\/24\/die-inm-kommunale-klimastrategie-stellt-sich-vor\/#primaryimage"},"thumbnailUrl":"https:\/\/klimastrategie.de\/javax.faces.resource\/images\/klimastrategie_full.png.xhtml","datePublished":"2016-01-24T17:59:39+00:00","breadcrumb":{"@id":"https:\/\/blog.klimastrategie.de\/index.php\/2016\/01\/24\/die-inm-kommunale-klimastrategie-stellt-sich-vor\/#breadcrumb"},"inLanguage":"de","potentialAction":[{"@type":"ReadAction","target":["https:\/\/blog.klimastrategie.de\/index.php\/2016\/01\/24\/die-inm-kommunale-klimastrategie-stellt-sich-vor\/"]}]},{"@type":"ImageObject","inLanguage":"de","@id":"https:\/\/blog.klimastrategie.de\/index.php\/2016\/01\/24\/die-inm-kommunale-klimastrategie-stellt-sich-vor\/#primaryimage","url":"https:\/\/klimastrategie.de\/javax.faces.resource\/images\/klimastrategie_full.png.xhtml","contentUrl":"https:\/\/klimastrategie.de\/javax.faces.resource\/images\/klimastrategie_full.png.xhtml"},{"@type":"BreadcrumbList","@id":"https:\/\/blog.klimastrategie.de\/index.php\/2016\/01\/24\/die-inm-kommunale-klimastrategie-stellt-sich-vor\/#breadcrumb","itemListElement":[{"@type":"ListItem","position":1,"name":"Startseite","item":"https:\/\/blog.klimastrategie.de\/"},{"@type":"ListItem","position":2,"name":"Die INM kommunale Klimastrategie stellt sich&nbsp;vor"}]},{"@type":"WebSite","@id":"https:\/\/blog.klimastrategie.de\/#website","url":"https:\/\/blog.klimastrategie.de\/","name":"INM kommunale Klimastrategie Blog","description":"Kommunales Energie- und Klimamanagement aus einer Hand","publisher":{"@id":"https:\/\/blog.klimastrategie.de\/#organization"},"potentialAction":[{"@type":"SearchAction","target":{"@type":"EntryPoint","urlTemplate":"https:\/\/blog.klimastrategie.de\/?s={search_term_string}"},"query-input":{"@type":"PropertyValueSpecification","valueRequired":true,"valueName":"search_term_string"}}],"inLanguage":"de"},{"@type":"Organization","@id":"https:\/\/blog.klimastrategie.de\/#organization","name":"INM Institut f\u00fcr Nachhaltigkeitsmanagement GmbH","url":"https:\/\/blog.klimastrategie.de\/","logo":{"@type":"ImageObject","inLanguage":"de","@id":"https:\/\/blog.klimastrategie.de\/#\/schema\/logo\/image\/","url":"https:\/\/blog.klimastrategie.de\/wp-content\/uploads\/2017\/04\/logo_small.png","contentUrl":"https:\/\/blog.klimastrategie.de\/wp-content\/uploads\/2017\/04\/logo_small.png","width":236,"height":50,"caption":"INM Institut f\u00fcr Nachhaltigkeitsmanagement GmbH"},"image":{"@id":"https:\/\/blog.klimastrategie.de\/#\/schema\/logo\/image\/"},"sameAs":["https:\/\/www.facebook.com\/klimastrategie","https:\/\/www.linkedin.com\/company\/inm-institut"]},{"@type":"Person","@id":"https:\/\/blog.klimastrategie.de\/#\/schema\/person\/6da649177508393716a352870559a74c","name":"J\u00f6rg L\u00e4ssig","image":{"@type":"ImageObject","inLanguage":"de","@id":"https:\/\/blog.klimastrategie.de\/wp-content\/uploads\/2016\/01\/laessig-150x143.jpg","url":"https:\/\/blog.klimastrategie.de\/wp-content\/uploads\/2016\/01\/laessig-150x143.jpg","contentUrl":"https:\/\/blog.klimastrategie.de\/wp-content\/uploads\/2016\/01\/laessig-150x143.jpg","caption":"J\u00f6rg L\u00e4ssig"},"description":"J\u00f6rg L\u00e4ssig ist Professor f\u00fcr die Entwicklung von Unternehmensanwendungen an der Hochschule Zittau\/G\u00f6rlitz. Er besch\u00e4ftigt sich mit der Konzeptionierung und Entwicklung wirtschaftsnaher IT-Anwendungen und -Technologien. Dabei wird der IT-Einsatz insbesondere unter dem Gesichtspunkt der Nachhaltigkeit untersucht. Mit seinem Forschungsteam untersucht er neue Entwicklungen, um diese zeitnah als L\u00f6sung f\u00fcr Sie zur Verf\u00fcgung zu stellen.","sameAs":["http:\/\/www.klimastrategie.de"],"url":"https:\/\/blog.klimastrategie.de\/index.php\/author\/jlaessig\/"}]}},"_links":{"self":[{"href":"https:\/\/blog.klimastrategie.de\/index.php\/wp-json\/wp\/v2\/posts\/66","targetHints":{"allow":["GET"]}}],"collection":[{"href":"https:\/\/blog.klimastrategie.de\/index.php\/wp-json\/wp\/v2\/posts"}],"about":[{"href":"https:\/\/blog.klimastrategie.de\/index.php\/wp-json\/wp\/v2\/types\/post"}],"author":[{"embeddable":true,"href":"https:\/\/blog.klimastrategie.de\/index.php\/wp-json\/wp\/v2\/users\/3"}],"replies":[{"embeddable":true,"href":"https:\/\/blog.klimastrategie.de\/index.php\/wp-json\/wp\/v2\/comments?post=66"}],"version-history":[{"count":1,"href":"https:\/\/blog.klimastrategie.de\/index.php\/wp-json\/wp\/v2\/posts\/66\/revisions"}],"predecessor-version":[{"id":67,"href":"https:\/\/blog.klimastrategie.de\/index.php\/wp-json\/wp\/v2\/posts\/66\/revisions\/67"}],"wp:attachment":[{"href":"https:\/\/blog.klimastrategie.de\/index.php\/wp-json\/wp\/v2\/media?parent=66"}],"wp:term":[{"taxonomy":"category","embeddable":true,"href":"https:\/\/blog.klimastrategie.de\/index.php\/wp-json\/wp\/v2\/categories?post=66"},{"taxonomy":"post_tag","embeddable":true,"href":"https:\/\/blog.klimastrategie.de\/index.php\/wp-json\/wp\/v2\/tags?post=66"}],"curies":[{"name":"wp","href":"https:\/\/api.w.org\/{rel}","templated":true}]}}