{"id":614,"date":"2018-12-20T13:00:57","date_gmt":"2018-12-20T12:00:57","guid":{"rendered":"https:\/\/blog.klimastrategie.de\/?p=614"},"modified":"2018-12-20T12:49:34","modified_gmt":"2018-12-20T11:49:34","slug":"inm-wuenscht-frohe-weihnachten-2018","status":"publish","type":"post","link":"https:\/\/blog.klimastrategie.de\/index.php\/2018\/12\/20\/inm-wuenscht-frohe-weihnachten-2018\/","title":{"rendered":"INM w\u00fcnscht frohe Weihnachten 2018"},"content":{"rendered":"\n<blockquote class=\"wp-block-quote is-layout-flow wp-block-quote-is-layout-flow\"><p>Am liebs\u00adten erin\u00adne\u00adre ich mich an die Zukunft.<br><\/p><cite>Sal\u00adva\u00addor Dal\u00ed, 1904 \u2013 1989, spa\u00adni\u00adscher&nbsp;Maler<br><\/cite><\/blockquote>\n\n\n\n<p>W\u00e4h\u00adrend das alte Jahr sei\u00adnem Ende ent\u00adge\u00adgen geht, m\u00f6ch\u00adten wir es trotz der vor\u00adweih\u00adnacht\u00adli\u00adchen Betrieb\u00adsam\u00adkeit nicht ver\u00ads\u00e4u\u00admen, Ihnen, Ihren Kol\u00adle\u00adgen und Ange\u00adh\u00f6\u00adri\u00adgen <strong>alles Gute f\u00fcr 2019<\/strong> zu w\u00fcn\u00adschen. <br>Zur\u00fcck\u00adbli\u00adckend auf ein gemein\u00adsa\u00admes Gesch\u00e4fts\u00adjahr bedan\u00adken wir uns herz\u00adlichst f\u00fcr <strong>Ihr ent\u00adge\u00adgen\u00adge\u00adbrach\u00adtes Ver\u00adtrau\u00aden<\/strong> und Ihre zahl\u00adrei\u00adchen, kon\u00adstruk\u00adti\u00adven Vor\u00adschl\u00e4\u00adge zur Ver\u00adbes\u00adse\u00adrung unse\u00adrer Diens\u00adte! Wir freu\u00aden uns sehr \u00fcber <strong>Ihr Feed\u00adback<\/strong>, wel\u00adches stets einen gro\u00ad\u00dfen Anteil an der Modi\u00adfi\u00adzie\u00adrung unse\u00adrer ange\u00adstreb\u00adten Zie\u00adle hat\u00adte und auch f\u00fcr das kom\u00admen\u00adde Jahr&nbsp;hat.&nbsp;<br><\/p>\n\n\n\n<!--more-->\n\n\n\n<p>Unser Haupt\u00adziel bei der Wei\u00adter\u00adent\u00adwick\u00adlung der INM-Diens\u00adte liegt vor allem dar\u00adin, unse\u00adre Anwen\u00addun\u00adgen<strong> so nut\u00adzer\u00adfreund\u00adlich wie m\u00f6g\u00adlich<\/strong> zu gestal\u00adten. So haben wir im ver\u00adgan\u00adge\u00adnen Jahr regel\u00adm\u00e4\u00ad\u00dfi\u00adge Web\u00adi\u00adn\u00adar\u00adter\u00admi\u00adne ein\u00adge\u00adf\u00fchrt, die Ihnen als Kun\u00adden und als Bera\u00adter den Ein\u00adstieg in die Nut\u00adzung unse\u00adrer Diens\u00adte erleich\u00adtern sol\u00adlen. Vie\u00adlen Dank an die\u00adser Stel\u00adle an alle, die sich \u00fcber unser Ver\u00adwal\u00adtungs\u00adsys\u00adtem ange\u00admel\u00addet und an den Web\u00adi\u00adna\u00adren teil\u00adge\u00adnom\u00admen&nbsp;haben!&nbsp;<br><\/p>\n\n\n\n<p>Seit Beginn des Jah\u00adres haben wir zudem einen <strong>selbst\u00adent\u00adwi\u00adckel\u00adten Wet\u00adter\u00adda\u00adten\u00addienst<\/strong> im Ein\u00adsatz, wel\u00adcher die Wet\u00adter\u00adda\u00adten regel\u00adm\u00e4\u00ad\u00dfig auto\u00adma\u00adti\u00adsiert ver\u00adar\u00adbei\u00adtet und die zur Wit\u00adte\u00adrungs\u00adbe\u00adrei\u00adni\u00adgung not\u00adwen\u00addi\u00adgen Grad\u00adtags\u00adzah\u00adlen berech\u00adnet. Wei\u00adter\u00adf\u00fch\u00adrend ist es seit dem <a href=\"https:\/\/blog.klimastrategie.de\/index.php\/2018\/06\/10\/inm-management-update-2018-06\/\">Juni-Update<\/a> m\u00f6g\u00adlich, Ergeb\u00adnis\u00adbe\u00adrich\u00adte auch im Word-For\u00admat zu gene\u00adrie\u00adren, was eine viel\u00adf\u00e4l\u00adti\u00adge Anpas\u00adsung im Nach\u00adgang erm\u00f6g\u00adlicht. Mit der Ein\u00adrich\u00adtung unse\u00adres <a href=\"https:\/\/management.klimastrategie.de\/internal\/gettingstarted\">Schnell\u00adstar\u00adter-Kits<\/a> bie\u00adten wir Ihnen die M\u00f6g\u00adlich\u00adkeit, Ihre zum Start von INM Manage\u00adment ben\u00f6\u00adtig\u00adten Daten vor\u00aderst ana\u00adlog zu erfas\u00adsen, um sie sp\u00e4\u00adter in das Sys\u00adtem ein\u00adpfle\u00adgen zu k\u00f6n\u00adnen. Neben die\u00adser Start\u00adhil\u00adfe ist eben\u00adso das <a href=\"https:\/\/management.klimastrategie.de\/internal\/support\/faq\/index\">erwei\u00adter\u00adte FAQ <\/a>eine \u00dcber\u00adsicht der meist gestell\u00adten Fra\u00adgen, die Ihnen den t\u00e4g\u00adli\u00adchen Umgang mit unse\u00adren Diens\u00adten erleich\u00adtern soll. Pro\u00adduk\u00adti\u00adve\u00adres Arbei\u00adten gew\u00e4hr\u00adleis\u00adten auch die Wei\u00adter\u00adent\u00adwick\u00adlun\u00adgen des <a href=\"https:\/\/blog.klimastrategie.de\/index.php\/2018\/08\/04\/inm-management-update-2018-08\/\">Updates im August<\/a>, wie zum Bei\u00adspiel die M\u00f6g\u00adlich\u00adkeit des Imports und Exports von Ver\u00adbrauchs- und Z\u00e4h\u00adler\u00adst\u00e4n\u00adden sowie Neue\u00adrun\u00adgen im Berichts\u00adwe\u00adsen, um nur eini\u00adge High\u00adlights zu nennen.&nbsp;<\/p>\n\n\n\n<p>Zu den neu\u00ades\u00adten Ent\u00adwick\u00adlun\u00adgen, die mit dem aktu\u00adel\u00adlen Update 2018.12 ver\u00ad\u00f6f\u00adfent\u00adlicht wur\u00adden, z\u00e4h\u00adlen Ver\u00adbes\u00adse\u00adrun\u00adgen und Pro\u00adzess\u00ad\u00e4n\u00adde\u00adrun\u00adgen inner\u00adhalb der INM Manage\u00adment Smart\u00adphone-App, wie bei\u00adspiels\u00adwei\u00adse die Dar\u00adstel\u00adlung zahl\u00adrei\u00adcher Infor\u00adma\u00adtio\u00adnen auf dem Start\u00adbild\u00adschirm, die M\u00f6g\u00adlich\u00adkeit, Z\u00e4h\u00adler\u00adst\u00e4n\u00adde bear\u00adbei\u00adten und l\u00f6schen zu k\u00f6n\u00adnen sowie vor allem die Inte\u00adgra\u00adti\u00adon der offe\u00adnen Verbrauchseingaben.&nbsp;<\/p>\n\n\n\n<p>Soll\u00adten Sie wei\u00adte\u00adre Anre\u00adgun\u00adgen und Hin\u00adwei\u00adse haben, um unser Sys\u00adtem zu ver\u00adbes\u00adsern, freu\u00aden wir uns auch im neu\u00aden Jahr stets \u00fcber Ihre Mail an kontakt@klimastrategie.de. Alter\u00adna\u00adtiv k\u00f6n\u00adnen Sie auch gern die inter\u00adne <a href=\"https:\/\/management.klimastrategie.de\/internal\/support\/contact\">Sup\u00adport\u00adan\u00adfra\u00adge<\/a> im Sys\u00adtem nut\u00adzen. Denn wie hei\u00dft es so passend?<br><\/p>\n\n\n\n<blockquote class=\"wp-block-quote is-layout-flow wp-block-quote-is-layout-flow\"><p>Wer auf\u00adh\u00f6rt, bes\u00adser zu wer\u00adden, hat auf\u00adge\u00adh\u00f6rt, gut zu&nbsp;sein.<br><\/p><cite>Phil\u00adip Rosen\u00adthal, 1916 \u2013 2001, Indus\u00adtri\u00adel\u00adler und Politiker<br><\/cite><\/blockquote>\n\n\n\n<p>Gern m\u00f6ch\u00adten wir an die part\u00adner\u00adschaft\u00adli\u00adche Zusam\u00admen\u00adar\u00adbeit im kom\u00admen\u00adden Jahr ankn\u00fcp\u00adfen und freu\u00aden uns schon auf die Inten\u00adsi\u00advie\u00adrung unse\u00adrer gemein\u00adschaft\u00adli\u00adchen Arbeit. Ein fro\u00adhes Weih\u00adnachts\u00adfest, besinn\u00adli\u00adche Fei\u00ader\u00adta\u00adge und einen erleb\u00adnis\u00adrei\u00adchen Jah\u00adres\u00adwech\u00adsel w\u00fcnscht Ihr INM \u2013&nbsp;Team.<br><\/p>\n\n\n\n<p><br><\/p>\n\n\n\n<figure class=\"wp-block-image img-bordered\"><img loading=\"lazy\" decoding=\"async\" width=\"1024\" height=\"682\" src=\"https:\/\/blog.klimastrategie.de\/wp-content\/uploads\/2018\/12\/christmas-bauble-15738_1280-1024x682.jpg\" alt class=\"wp-image-635\" srcset=\"https:\/\/blog.klimastrategie.de\/wp-content\/uploads\/2018\/12\/christmas-bauble-15738_1280-1024x682.jpg 1024w, https:\/\/blog.klimastrategie.de\/wp-content\/uploads\/2018\/12\/christmas-bauble-15738_1280-300x200.jpg 300w, https:\/\/blog.klimastrategie.de\/wp-content\/uploads\/2018\/12\/christmas-bauble-15738_1280-768x512.jpg 768w, https:\/\/blog.klimastrategie.de\/wp-content\/uploads\/2018\/12\/christmas-bauble-15738_1280.jpg 1280w\" sizes=\"auto, (max-width: 1024px) 100vw, 1024px\"><\/figure>\n","protected":false},"excerpt":{"rendered":"<p>Am liebs\u00adten erin\u00adne\u00adre ich mich an die Zukunft. Sal\u00adva\u00addor Dal\u00ed, 1904 \u2013 1989, spa\u00adni\u00adscher&nbsp;Maler W\u00e4h\u00adrend das alte Jahr sei\u00adnem Ende ent\u00adge\u00adgen geht, m\u00f6ch\u00adten wir es trotz der vor\u00adweih\u00adnacht\u00adli\u00adchen Betrieb\u00adsam\u00adkeit&nbsp;nicht\u2026<\/p>\n","protected":false},"author":3,"featured_media":635,"comment_status":"open","ping_status":"open","sticky":false,"template":"","format":"standard","meta":{"inline_featured_image":false,"wp_typography_post_enhancements_disabled":false,"footnotes":""},"categories":[1],"tags":[],"class_list":["post-614","post","type-post","status-publish","format-standard","has-post-thumbnail","hentry","category-verschiedenes","entry"],"yoast_head":"<!-- This site is optimized with the Yoast SEO plugin v27.5 - https:\/\/yoast.com\/product\/yoast-seo-wordpress\/ -->\n<title>INM w\u00fcnscht frohe Weihnachten 2018 - INM kommunale Klimastrategie Blog<\/title>\n<meta name=\"robots\" content=\"index, follow, max-snippet:-1, max-image-preview:large, max-video-preview:-1\" \/>\n<link rel=\"canonical\" href=\"https:\/\/blog.klimastrategie.de\/index.php\/2018\/12\/20\/inm-wuenscht-frohe-weihnachten-2018\/\" \/>\n<meta property=\"og:locale\" content=\"de_DE\" \/>\n<meta property=\"og:type\" content=\"article\" \/>\n<meta property=\"og:title\" content=\"INM w\u00fcnscht frohe Weihnachten 2018 - INM kommunale Klimastrategie Blog\" \/>\n<meta property=\"og:description\" content=\"Am liebs\u00adten erin\u00adne\u00adre ich mich an die Zukunft. Sal\u00adva\u00addor Dal\u00ed, 1904 \u2013 1989, spa\u00adni\u00adscher&nbsp;Maler W\u00e4h\u00adrend das alte Jahr sei\u00adnem Ende ent\u00adge\u00adgen geht, m\u00f6ch\u00adten wir es trotz der vor\u00adweih\u00adnacht\u00adli\u00adchen Betrieb\u00adsam\u00adkeit nicht&#8230;\" \/>\n<meta property=\"og:url\" content=\"https:\/\/blog.klimastrategie.de\/index.php\/2018\/12\/20\/inm-wuenscht-frohe-weihnachten-2018\/\" \/>\n<meta property=\"og:site_name\" content=\"INM kommunale Klimastrategie Blog\" \/>\n<meta property=\"article:publisher\" content=\"https:\/\/www.facebook.com\/klimastrategie\" \/>\n<meta property=\"article:published_time\" content=\"2018-12-20T12:00:57+00:00\" \/>\n<meta property=\"og:image\" content=\"https:\/\/blog.klimastrategie.de\/wp-content\/uploads\/2018\/12\/christmas-bauble-15738_1280.jpg\" \/>\n\t<meta property=\"og:image:width\" content=\"1280\" \/>\n\t<meta property=\"og:image:height\" content=\"853\" \/>\n\t<meta property=\"og:image:type\" content=\"image\/jpeg\" \/>\n<meta name=\"author\" content=\"J\u00f6rg L\u00e4ssig\" \/>\n<meta name=\"twitter:card\" content=\"summary_large_image\" \/>\n<meta name=\"twitter:label1\" content=\"Verfasst von\" \/>\n\t<meta name=\"twitter:data1\" content=\"J\u00f6rg L\u00e4ssig\" \/>\n\t<meta name=\"twitter:label2\" content=\"Gesch\u00e4tzte Lesezeit\" \/>\n\t<meta name=\"twitter:data2\" content=\"2\u00a0Minuten\" \/>\n<script type=\"application\/ld+json\" class=\"yoast-schema-graph\">{\"@context\":\"https:\\\/\\\/schema.org\",\"@graph\":[{\"@type\":\"Article\",\"@id\":\"https:\\\/\\\/blog.klimastrategie.de\\\/index.php\\\/2018\\\/12\\\/20\\\/inm-wuenscht-frohe-weihnachten-2018\\\/#article\",\"isPartOf\":{\"@id\":\"https:\\\/\\\/blog.klimastrategie.de\\\/index.php\\\/2018\\\/12\\\/20\\\/inm-wuenscht-frohe-weihnachten-2018\\\/\"},\"author\":{\"name\":\"J\u00f6rg L\u00e4ssig\",\"@id\":\"https:\\\/\\\/blog.klimastrategie.de\\\/#\\\/schema\\\/person\\\/6da649177508393716a352870559a74c\"},\"headline\":\"INM w\u00fcnscht frohe Weihnachten 2018\",\"datePublished\":\"2018-12-20T12:00:57+00:00\",\"mainEntityOfPage\":{\"@id\":\"https:\\\/\\\/blog.klimastrategie.de\\\/index.php\\\/2018\\\/12\\\/20\\\/inm-wuenscht-frohe-weihnachten-2018\\\/\"},\"wordCount\":472,\"commentCount\":0,\"publisher\":{\"@id\":\"https:\\\/\\\/blog.klimastrategie.de\\\/#organization\"},\"image\":{\"@id\":\"https:\\\/\\\/blog.klimastrategie.de\\\/index.php\\\/2018\\\/12\\\/20\\\/inm-wuenscht-frohe-weihnachten-2018\\\/#primaryimage\"},\"thumbnailUrl\":\"https:\\\/\\\/blog.klimastrategie.de\\\/wp-content\\\/uploads\\\/2018\\\/12\\\/christmas-bauble-15738_1280.jpg\",\"articleSection\":[\"Verschiedenes\"],\"inLanguage\":\"de\"},{\"@type\":\"WebPage\",\"@id\":\"https:\\\/\\\/blog.klimastrategie.de\\\/index.php\\\/2018\\\/12\\\/20\\\/inm-wuenscht-frohe-weihnachten-2018\\\/\",\"url\":\"https:\\\/\\\/blog.klimastrategie.de\\\/index.php\\\/2018\\\/12\\\/20\\\/inm-wuenscht-frohe-weihnachten-2018\\\/\",\"name\":\"INM w\u00fcnscht frohe Weihnachten 2018 - INM kommunale Klimastrategie Blog\",\"isPartOf\":{\"@id\":\"https:\\\/\\\/blog.klimastrategie.de\\\/#website\"},\"primaryImageOfPage\":{\"@id\":\"https:\\\/\\\/blog.klimastrategie.de\\\/index.php\\\/2018\\\/12\\\/20\\\/inm-wuenscht-frohe-weihnachten-2018\\\/#primaryimage\"},\"image\":{\"@id\":\"https:\\\/\\\/blog.klimastrategie.de\\\/index.php\\\/2018\\\/12\\\/20\\\/inm-wuenscht-frohe-weihnachten-2018\\\/#primaryimage\"},\"thumbnailUrl\":\"https:\\\/\\\/blog.klimastrategie.de\\\/wp-content\\\/uploads\\\/2018\\\/12\\\/christmas-bauble-15738_1280.jpg\",\"datePublished\":\"2018-12-20T12:00:57+00:00\",\"breadcrumb\":{\"@id\":\"https:\\\/\\\/blog.klimastrategie.de\\\/index.php\\\/2018\\\/12\\\/20\\\/inm-wuenscht-frohe-weihnachten-2018\\\/#breadcrumb\"},\"inLanguage\":\"de\",\"potentialAction\":[{\"@type\":\"ReadAction\",\"target\":[\"https:\\\/\\\/blog.klimastrategie.de\\\/index.php\\\/2018\\\/12\\\/20\\\/inm-wuenscht-frohe-weihnachten-2018\\\/\"]}]},{\"@type\":\"ImageObject\",\"inLanguage\":\"de\",\"@id\":\"https:\\\/\\\/blog.klimastrategie.de\\\/index.php\\\/2018\\\/12\\\/20\\\/inm-wuenscht-frohe-weihnachten-2018\\\/#primaryimage\",\"url\":\"https:\\\/\\\/blog.klimastrategie.de\\\/wp-content\\\/uploads\\\/2018\\\/12\\\/christmas-bauble-15738_1280.jpg\",\"contentUrl\":\"https:\\\/\\\/blog.klimastrategie.de\\\/wp-content\\\/uploads\\\/2018\\\/12\\\/christmas-bauble-15738_1280.jpg\",\"width\":1280,\"height\":853},{\"@type\":\"BreadcrumbList\",\"@id\":\"https:\\\/\\\/blog.klimastrategie.de\\\/index.php\\\/2018\\\/12\\\/20\\\/inm-wuenscht-frohe-weihnachten-2018\\\/#breadcrumb\",\"itemListElement\":[{\"@type\":\"ListItem\",\"position\":1,\"name\":\"Startseite\",\"item\":\"https:\\\/\\\/blog.klimastrategie.de\\\/\"},{\"@type\":\"ListItem\",\"position\":2,\"name\":\"INM w\u00fcnscht frohe Weihnachten 2018\"}]},{\"@type\":\"WebSite\",\"@id\":\"https:\\\/\\\/blog.klimastrategie.de\\\/#website\",\"url\":\"https:\\\/\\\/blog.klimastrategie.de\\\/\",\"name\":\"INM kommunale Klimastrategie Blog\",\"description\":\"Kommunales Energie- und Klimamanagement aus einer Hand\",\"publisher\":{\"@id\":\"https:\\\/\\\/blog.klimastrategie.de\\\/#organization\"},\"potentialAction\":[{\"@type\":\"SearchAction\",\"target\":{\"@type\":\"EntryPoint\",\"urlTemplate\":\"https:\\\/\\\/blog.klimastrategie.de\\\/?s={search_term_string}\"},\"query-input\":{\"@type\":\"PropertyValueSpecification\",\"valueRequired\":true,\"valueName\":\"search_term_string\"}}],\"inLanguage\":\"de\"},{\"@type\":\"Organization\",\"@id\":\"https:\\\/\\\/blog.klimastrategie.de\\\/#organization\",\"name\":\"INM Institut f\u00fcr Nachhaltigkeitsmanagement GmbH\",\"url\":\"https:\\\/\\\/blog.klimastrategie.de\\\/\",\"logo\":{\"@type\":\"ImageObject\",\"inLanguage\":\"de\",\"@id\":\"https:\\\/\\\/blog.klimastrategie.de\\\/#\\\/schema\\\/logo\\\/image\\\/\",\"url\":\"https:\\\/\\\/blog.klimastrategie.de\\\/wp-content\\\/uploads\\\/2017\\\/04\\\/logo_small.png\",\"contentUrl\":\"https:\\\/\\\/blog.klimastrategie.de\\\/wp-content\\\/uploads\\\/2017\\\/04\\\/logo_small.png\",\"width\":236,\"height\":50,\"caption\":\"INM Institut f\u00fcr Nachhaltigkeitsmanagement GmbH\"},\"image\":{\"@id\":\"https:\\\/\\\/blog.klimastrategie.de\\\/#\\\/schema\\\/logo\\\/image\\\/\"},\"sameAs\":[\"https:\\\/\\\/www.facebook.com\\\/klimastrategie\",\"https:\\\/\\\/www.linkedin.com\\\/company\\\/inm-institut\"]},{\"@type\":\"Person\",\"@id\":\"https:\\\/\\\/blog.klimastrategie.de\\\/#\\\/schema\\\/person\\\/6da649177508393716a352870559a74c\",\"name\":\"J\u00f6rg L\u00e4ssig\",\"image\":{\"@type\":\"ImageObject\",\"inLanguage\":\"de\",\"@id\":\"https:\\\/\\\/blog.klimastrategie.de\\\/wp-content\\\/uploads\\\/2016\\\/01\\\/laessig-150x143.jpg\",\"url\":\"https:\\\/\\\/blog.klimastrategie.de\\\/wp-content\\\/uploads\\\/2016\\\/01\\\/laessig-150x143.jpg\",\"contentUrl\":\"https:\\\/\\\/blog.klimastrategie.de\\\/wp-content\\\/uploads\\\/2016\\\/01\\\/laessig-150x143.jpg\",\"caption\":\"J\u00f6rg L\u00e4ssig\"},\"description\":\"J\u00f6rg L\u00e4ssig ist Professor f\u00fcr die Entwicklung von Unternehmensanwendungen an der Hochschule Zittau\\\/G\u00f6rlitz. Er besch\u00e4ftigt sich mit der Konzeptionierung und Entwicklung wirtschaftsnaher IT-Anwendungen und -Technologien. Dabei wird der IT-Einsatz insbesondere unter dem Gesichtspunkt der Nachhaltigkeit untersucht. Mit seinem Forschungsteam untersucht er neue Entwicklungen, um diese zeitnah als L\u00f6sung f\u00fcr Sie zur Verf\u00fcgung zu stellen.\",\"sameAs\":[\"http:\\\/\\\/www.klimastrategie.de\"],\"url\":\"https:\\\/\\\/blog.klimastrategie.de\\\/index.php\\\/author\\\/jlaessig\\\/\"}]}<\/script>\n<!-- \/ Yoast SEO plugin. -->","yoast_head_json":{"title":"INM w\u00fcnscht frohe Weihnachten 2018 - INM kommunale Klimastrategie Blog","robots":{"index":"index","follow":"follow","max-snippet":"max-snippet:-1","max-image-preview":"max-image-preview:large","max-video-preview":"max-video-preview:-1"},"canonical":"https:\/\/blog.klimastrategie.de\/index.php\/2018\/12\/20\/inm-wuenscht-frohe-weihnachten-2018\/","og_locale":"de_DE","og_type":"article","og_title":"INM w\u00fcnscht frohe Weihnachten 2018 - INM kommunale Klimastrategie Blog","og_description":"Am liebs\u00adten erin\u00adne\u00adre ich mich an die Zukunft. Sal\u00adva\u00addor Dal\u00ed, 1904 \u2013 1989, spa\u00adni\u00adscher&nbsp;Maler W\u00e4h\u00adrend das alte Jahr sei\u00adnem Ende ent\u00adge\u00adgen geht, m\u00f6ch\u00adten wir es trotz der vor\u00adweih\u00adnacht\u00adli\u00adchen Betrieb\u00adsam\u00adkeit nicht&#8230;","og_url":"https:\/\/blog.klimastrategie.de\/index.php\/2018\/12\/20\/inm-wuenscht-frohe-weihnachten-2018\/","og_site_name":"INM kommunale Klimastrategie Blog","article_publisher":"https:\/\/www.facebook.com\/klimastrategie","article_published_time":"2018-12-20T12:00:57+00:00","og_image":[{"width":1280,"height":853,"url":"https:\/\/blog.klimastrategie.de\/wp-content\/uploads\/2018\/12\/christmas-bauble-15738_1280.jpg","type":"image\/jpeg"}],"author":"J\u00f6rg L\u00e4ssig","twitter_card":"summary_large_image","twitter_misc":{"Verfasst von":"J\u00f6rg L\u00e4ssig","Gesch\u00e4tzte Lesezeit":"2\u00a0Minuten"},"schema":{"@context":"https:\/\/schema.org","@graph":[{"@type":"Article","@id":"https:\/\/blog.klimastrategie.de\/index.php\/2018\/12\/20\/inm-wuenscht-frohe-weihnachten-2018\/#article","isPartOf":{"@id":"https:\/\/blog.klimastrategie.de\/index.php\/2018\/12\/20\/inm-wuenscht-frohe-weihnachten-2018\/"},"author":{"name":"J\u00f6rg L\u00e4ssig","@id":"https:\/\/blog.klimastrategie.de\/#\/schema\/person\/6da649177508393716a352870559a74c"},"headline":"INM w\u00fcnscht frohe Weihnachten 2018","datePublished":"2018-12-20T12:00:57+00:00","mainEntityOfPage":{"@id":"https:\/\/blog.klimastrategie.de\/index.php\/2018\/12\/20\/inm-wuenscht-frohe-weihnachten-2018\/"},"wordCount":472,"commentCount":0,"publisher":{"@id":"https:\/\/blog.klimastrategie.de\/#organization"},"image":{"@id":"https:\/\/blog.klimastrategie.de\/index.php\/2018\/12\/20\/inm-wuenscht-frohe-weihnachten-2018\/#primaryimage"},"thumbnailUrl":"https:\/\/blog.klimastrategie.de\/wp-content\/uploads\/2018\/12\/christmas-bauble-15738_1280.jpg","articleSection":["Verschiedenes"],"inLanguage":"de"},{"@type":"WebPage","@id":"https:\/\/blog.klimastrategie.de\/index.php\/2018\/12\/20\/inm-wuenscht-frohe-weihnachten-2018\/","url":"https:\/\/blog.klimastrategie.de\/index.php\/2018\/12\/20\/inm-wuenscht-frohe-weihnachten-2018\/","name":"INM w\u00fcnscht frohe Weihnachten 2018 - INM kommunale Klimastrategie Blog","isPartOf":{"@id":"https:\/\/blog.klimastrategie.de\/#website"},"primaryImageOfPage":{"@id":"https:\/\/blog.klimastrategie.de\/index.php\/2018\/12\/20\/inm-wuenscht-frohe-weihnachten-2018\/#primaryimage"},"image":{"@id":"https:\/\/blog.klimastrategie.de\/index.php\/2018\/12\/20\/inm-wuenscht-frohe-weihnachten-2018\/#primaryimage"},"thumbnailUrl":"https:\/\/blog.klimastrategie.de\/wp-content\/uploads\/2018\/12\/christmas-bauble-15738_1280.jpg","datePublished":"2018-12-20T12:00:57+00:00","breadcrumb":{"@id":"https:\/\/blog.klimastrategie.de\/index.php\/2018\/12\/20\/inm-wuenscht-frohe-weihnachten-2018\/#breadcrumb"},"inLanguage":"de","potentialAction":[{"@type":"ReadAction","target":["https:\/\/blog.klimastrategie.de\/index.php\/2018\/12\/20\/inm-wuenscht-frohe-weihnachten-2018\/"]}]},{"@type":"ImageObject","inLanguage":"de","@id":"https:\/\/blog.klimastrategie.de\/index.php\/2018\/12\/20\/inm-wuenscht-frohe-weihnachten-2018\/#primaryimage","url":"https:\/\/blog.klimastrategie.de\/wp-content\/uploads\/2018\/12\/christmas-bauble-15738_1280.jpg","contentUrl":"https:\/\/blog.klimastrategie.de\/wp-content\/uploads\/2018\/12\/christmas-bauble-15738_1280.jpg","width":1280,"height":853},{"@type":"BreadcrumbList","@id":"https:\/\/blog.klimastrategie.de\/index.php\/2018\/12\/20\/inm-wuenscht-frohe-weihnachten-2018\/#breadcrumb","itemListElement":[{"@type":"ListItem","position":1,"name":"Startseite","item":"https:\/\/blog.klimastrategie.de\/"},{"@type":"ListItem","position":2,"name":"INM w\u00fcnscht frohe Weihnachten 2018"}]},{"@type":"WebSite","@id":"https:\/\/blog.klimastrategie.de\/#website","url":"https:\/\/blog.klimastrategie.de\/","name":"INM kommunale Klimastrategie Blog","description":"Kommunales Energie- und Klimamanagement aus einer Hand","publisher":{"@id":"https:\/\/blog.klimastrategie.de\/#organization"},"potentialAction":[{"@type":"SearchAction","target":{"@type":"EntryPoint","urlTemplate":"https:\/\/blog.klimastrategie.de\/?s={search_term_string}"},"query-input":{"@type":"PropertyValueSpecification","valueRequired":true,"valueName":"search_term_string"}}],"inLanguage":"de"},{"@type":"Organization","@id":"https:\/\/blog.klimastrategie.de\/#organization","name":"INM Institut f\u00fcr Nachhaltigkeitsmanagement GmbH","url":"https:\/\/blog.klimastrategie.de\/","logo":{"@type":"ImageObject","inLanguage":"de","@id":"https:\/\/blog.klimastrategie.de\/#\/schema\/logo\/image\/","url":"https:\/\/blog.klimastrategie.de\/wp-content\/uploads\/2017\/04\/logo_small.png","contentUrl":"https:\/\/blog.klimastrategie.de\/wp-content\/uploads\/2017\/04\/logo_small.png","width":236,"height":50,"caption":"INM Institut f\u00fcr Nachhaltigkeitsmanagement GmbH"},"image":{"@id":"https:\/\/blog.klimastrategie.de\/#\/schema\/logo\/image\/"},"sameAs":["https:\/\/www.facebook.com\/klimastrategie","https:\/\/www.linkedin.com\/company\/inm-institut"]},{"@type":"Person","@id":"https:\/\/blog.klimastrategie.de\/#\/schema\/person\/6da649177508393716a352870559a74c","name":"J\u00f6rg L\u00e4ssig","image":{"@type":"ImageObject","inLanguage":"de","@id":"https:\/\/blog.klimastrategie.de\/wp-content\/uploads\/2016\/01\/laessig-150x143.jpg","url":"https:\/\/blog.klimastrategie.de\/wp-content\/uploads\/2016\/01\/laessig-150x143.jpg","contentUrl":"https:\/\/blog.klimastrategie.de\/wp-content\/uploads\/2016\/01\/laessig-150x143.jpg","caption":"J\u00f6rg L\u00e4ssig"},"description":"J\u00f6rg L\u00e4ssig ist Professor f\u00fcr die Entwicklung von Unternehmensanwendungen an der Hochschule Zittau\/G\u00f6rlitz. Er besch\u00e4ftigt sich mit der Konzeptionierung und Entwicklung wirtschaftsnaher IT-Anwendungen und -Technologien. Dabei wird der IT-Einsatz insbesondere unter dem Gesichtspunkt der Nachhaltigkeit untersucht. Mit seinem Forschungsteam untersucht er neue Entwicklungen, um diese zeitnah als L\u00f6sung f\u00fcr Sie zur Verf\u00fcgung zu stellen.","sameAs":["http:\/\/www.klimastrategie.de"],"url":"https:\/\/blog.klimastrategie.de\/index.php\/author\/jlaessig\/"}]}},"_links":{"self":[{"href":"https:\/\/blog.klimastrategie.de\/index.php\/wp-json\/wp\/v2\/posts\/614","targetHints":{"allow":["GET"]}}],"collection":[{"href":"https:\/\/blog.klimastrategie.de\/index.php\/wp-json\/wp\/v2\/posts"}],"about":[{"href":"https:\/\/blog.klimastrategie.de\/index.php\/wp-json\/wp\/v2\/types\/post"}],"author":[{"embeddable":true,"href":"https:\/\/blog.klimastrategie.de\/index.php\/wp-json\/wp\/v2\/users\/3"}],"replies":[{"embeddable":true,"href":"https:\/\/blog.klimastrategie.de\/index.php\/wp-json\/wp\/v2\/comments?post=614"}],"version-history":[{"count":31,"href":"https:\/\/blog.klimastrategie.de\/index.php\/wp-json\/wp\/v2\/posts\/614\/revisions"}],"predecessor-version":[{"id":710,"href":"https:\/\/blog.klimastrategie.de\/index.php\/wp-json\/wp\/v2\/posts\/614\/revisions\/710"}],"wp:featuredmedia":[{"embeddable":true,"href":"https:\/\/blog.klimastrategie.de\/index.php\/wp-json\/wp\/v2\/media\/635"}],"wp:attachment":[{"href":"https:\/\/blog.klimastrategie.de\/index.php\/wp-json\/wp\/v2\/media?parent=614"}],"wp:term":[{"taxonomy":"category","embeddable":true,"href":"https:\/\/blog.klimastrategie.de\/index.php\/wp-json\/wp\/v2\/categories?post=614"},{"taxonomy":"post_tag","embeddable":true,"href":"https:\/\/blog.klimastrategie.de\/index.php\/wp-json\/wp\/v2\/tags?post=614"}],"curies":[{"name":"wp","href":"https:\/\/api.w.org\/{rel}","templated":true}]}}