{"id":554,"date":"2018-12-18T16:35:21","date_gmt":"2018-12-18T15:35:21","guid":{"rendered":"https:\/\/blog.klimastrategie.de\/?p=554"},"modified":"2019-11-22T09:00:15","modified_gmt":"2019-11-22T08:00:15","slug":"inm-management-update-2018-12","status":"publish","type":"post","link":"https:\/\/blog.klimastrategie.de\/index.php\/2018\/12\/18\/inm-management-update-2018-12\/","title":{"rendered":"INM Management Update 2018.12"},"content":{"rendered":"\n<p>Unser vor\u00adtr\u00e4g\u00adli\u00adches Weih\u00adnachts\u00adge\u00adschenk f\u00fcr Sie: das <strong>INM Manage\u00adment Update 2018.12<\/strong>! Der Fokus der Ent\u00adwick\u00adlun\u00adgen lag die\u00adses mal vor allem auf der INM Manage\u00adment Smart\u00adphone-App und wir freu\u00aden uns, Ihnen zahl\u00adrei\u00adche Neue\u00adrun\u00adgen vor\u00adstel\u00adlen zu k\u00f6n\u00adnen. So k\u00f6n\u00adnen mit der aktu\u00adells\u00adten Ver\u00adsi\u00adon bereits ein\u00adge\u00adtra\u00adge\u00adne Z\u00e4h\u00adler\u00adst\u00e4n\u00adde kor\u00adri\u00adgiert und gege\u00adbe\u00adnen\u00adfalls gel\u00f6scht wer\u00adden. Eine h\u00e4u\u00adfig nach\u00adge\u00adfrag\u00adte Funk\u00adti\u00adon war auch die De- und Akti\u00advie\u00adrung meh\u00adre\u00adrer Z\u00e4h\u00adler eines Geb\u00e4u\u00addes oder Gemein\u00adde\u00adteils f\u00fcr die Nut\u00adzung inner\u00adhalb der App. Dies ist mit dem Update 2018.12 nun genau\u00adso m\u00f6g\u00adlich, wie die Anzei\u00adge von offe\u00adnen Ver\u00adbauchs\u00adein\u00adga\u00adben, die je nach F\u00e4l\u00adlig\u00adkeit kate\u00adgo\u00adri\u00adsiert sind. Im Fol\u00adgen\u00adden m\u00f6ch\u00adten wir Ihnen die Funk\u00adtio\u00adnen im Detail vorstellen.&nbsp;<br><\/p>\n\n\n\n<!--more-->\n\n\n\n<h3 class=\"wp-block-heading\">Darstellung auf dem Startbildschirm<br><\/h3>\n\n\n\n<p>Eine gro\u00ad\u00dfe Neue\u00adrung ist in der<strong> \u00dcber\u00adar\u00adbei\u00adtung des Pro\u00adzes\u00adses<\/strong> zu fin\u00adden, der das <strong>Laden <\/strong>der Unter\u00adsu\u00adchungs\u00adr\u00e4u\u00adme, Gemein\u00adde\u00adtei\u00adle, Geb\u00e4u\u00adde und Z\u00e4h\u00adler und die <strong>Dar\u00adstel\u00adlung <\/strong>die\u00adser <strong>auf dem Start\u00adbild\u00adschirm<\/strong> der Smart\u00adphone-App umfasst. Bis\u00adher wur\u00adden immer direkt alle Z\u00e4h\u00adler des Nut\u00adzers gela\u00adden, was haupt\u00ads\u00e4ch\u00adlich f\u00fcr Nut\u00adzer mit nur einem Unter\u00adsu\u00adchungs\u00adraum und weni\u00adgen Z\u00e4h\u00adlern kom\u00adfor\u00adta\u00adbel war. Das opti\u00adma\u00adle Nutz\u00adver\u00adhal\u00adten von bspw. Bera\u00adtern, die meh\u00adre\u00adre Unter\u00adsu\u00adchungs\u00adr\u00e4u\u00adme ver\u00adwal\u00adten und eine Viel\u00adzahl von Z\u00e4h\u00adlern laden muss\u00adten, wur\u00adde durch lan\u00adge War\u00adte\u00adzei\u00adten beein\u00adtr\u00e4ch\u00adtigt, sodass die\u00adse lan\u00adge war\u00adten muss\u00adten, bis die n\u00e4chs\u00adten Schrit\u00adte unter\u00adnom\u00admen wer\u00adden konn\u00adten. Resul\u00adtie\u00adrend dar\u00adaus war es f\u00fcr uns als Ent\u00adwick\u00adler nicht m\u00f6g\u00adlich,&nbsp; neue Funk\u00adtio\u00adnen hin\u00adzu\u00adzu\u00adf\u00fc\u00adgen, da das Laden wei\u00adte\u00adrer Daten und die Berech\u00adnung die\u00adser zu noch l\u00e4n\u00adge\u00adren War\u00adte\u00adzei\u00adten gef\u00fchrt h\u00e4tte.<\/p>\n\n\n\n<p>Aus den genann\u00adten Gr\u00fcn\u00adden haben wir uns dazu ent\u00adschlos\u00adsen, die\u00adsen Pro\u00adzess soweit anzu\u00adpas\u00adsen, dass <strong>initi\u00adal nicht alle Daten gela\u00adden wer\u00adden<\/strong>, son\u00addern ledig\u00adlich die Daten, <strong>die zur aktu\u00adel\u00adlen Aus\u00adwahl pas\u00adsen<\/strong>. Die Daten der dar\u00adun\u00adter\u00adlie\u00adgen\u00adden Ebe\u00adne wer\u00adden erst neu gela\u00adden, wenn die Aus\u00adwahl ver\u00ad\u00e4n\u00addert und bei\u00adspiels\u00adwei\u00adse ein kon\u00adkre\u00adtes Geb\u00e4u\u00adde aus\u00adge\u00adw\u00e4hlt&nbsp;wird.<\/p>\n\n\n\n<p>Gleich\u00adzei\u00adtig woll\u00adten wir selbst\u00adver\u00adst\u00e4nd\u00adlich <strong>wei\u00adter\u00adhin<\/strong> die <strong>Off\u00adline-Funk\u00adtio\u00adna\u00adli\u00adt\u00e4t<\/strong> der INM Smart\u00adphone-App gew\u00e4hr\u00adleis\u00adten, sodass es f\u00fcr Sie als Nut\u00adzer m\u00f6g\u00adlich ist, Z\u00e4h\u00adler\u00adst\u00e4n\u00adde auch ohne Netz\u00adver\u00adbin\u00addung erfas\u00adsen zu k\u00f6n\u00adnen, da die Abde\u00adckung zum Bei\u00adspiel in Kel\u00adler\u00adr\u00e4u\u00admen nicht immer gew\u00e4hr\u00adleis\u00adtet sein muss. Aus die\u00adsem Grund haben wir in den Ein\u00adstel\u00adlun\u00adgen der App eine Opti\u00adon ein\u00adge\u00adf\u00fchrt, wel\u00adche die feh\u00adlen\u00adden Daten eines Unter\u00adsu\u00adchungs\u00adraums bereits im Hin\u00adter\u00adgrund nach\u00adl\u00e4dt. Somit k\u00f6n\u00adnen Sie schnell wei\u00adter\u00adar\u00adbei\u00adten, w\u00e4h\u00adrend im Hin\u00adter\u00adgrund bereits alles vor\u00adbe\u00adrei\u00adtet wird, soll\u00adten Sie ande\u00adre Daten aus\u00adw\u00e4h\u00adlen. Die bekann\u00adte Erken\u00adnung des Z\u00e4h\u00adlers via QR-Code steht Ihnen nat\u00fcr\u00adlich wei\u00adter\u00adhin zur Ver\u00adf\u00fc\u00adgung, wenn der gew\u00fcnsch\u00adte Z\u00e4h\u00adler aus oben genann\u00adten Gr\u00fcn\u00adden den\u00adnoch nicht gela\u00adden wer\u00adden&nbsp;kann.<\/p>\n\n\n\n<p>Durch die erl\u00e4u\u00adter\u00adte Pro\u00adzess\u00ad\u00e4n\u00adde\u00adrung ist es nun m\u00f6g\u00adlich, Ihnen bereits <strong>auf dem Start\u00adbild\u00adschirm wei\u00adte\u00adre rele\u00advan\u00adte Daten<\/strong> anzu\u00adzei\u00adgen, wie zum Bei\u00adspiel \u00fcber\u00adf\u00e4l\u00adli\u00adge Able\u00adsun\u00adgen von Z\u00e4h\u00adlern. Au\u00dfer\u00addem wer\u00adden die Berech\u00adti\u00adgun\u00adgen des Nut\u00adzers f\u00fcr das jewei\u00adli\u00adge Objekt dar\u00adge\u00adstellt. Wei\u00adter\u00adhin wer\u00adden nun au\u00dfer\u00addem auch Z\u00e4h\u00adler auf\u00adge\u00adlis\u00adtet, f\u00fcr wel\u00adche der Nut\u00adzer ledig\u00adlich Lese\u00adzu\u00adgriff besitzt. In die\u00adsem Fall ist aller\u00addings die Erfas\u00adsung neu\u00ader Z\u00e4h\u00adler\u00adst\u00e4n\u00adde nicht m\u00f6glich.<br><\/p>\n\n\n\n<h3 class=\"wp-block-heading\">Bearbeiten und L\u00f6schen von vorhandenen Z\u00e4hlerst\u00e4nden<br><\/h3>\n\n\n\n<p>Eine oft nach\u00adge\u00adfrag\u00adte Funk\u00adti\u00adon war das Bear\u00adbei\u00adten und L\u00f6schen von vor\u00adhan\u00adden\u00adden Z\u00e4h\u00adler\u00adst\u00e4n\u00adden inner\u00adhalb der Smart\u00adphone-App. Mit der aktu\u00adel\u00adlen Ver\u00adsi\u00adon unter\u00adst\u00fct\u00adzen wir nun die\u00adse Funk\u00adtio\u00adna\u00adli\u00adt\u00e4t. Wir haben dies zur Ver\u00admei\u00addung von Feh\u00adlern jedoch so umge\u00adsetzt, dass das <strong>Kor\u00adri\u00adgie\u00adren und L\u00f6schen von Z\u00e4h\u00adler\u00adst\u00e4n\u00adden<\/strong> ledig\u00adlich inner\u00adhalb der letz\u00adten 24 Stun\u00adden nach Erfas\u00adsung m\u00f6g\u00adlich ist. Dabei kann der Nut\u00adzer aus\u00adschlie\u00df\u00adlich sei\u00adne selbst hin\u00adzu\u00adge\u00adf\u00fcg\u00adten Z\u00e4h\u00adler\u00adst\u00e4n\u00adde kor\u00adri\u00adgie\u00adren. Zur Erken\u00adnung, wel\u00adche Z\u00e4h\u00adler\u00adst\u00e4n\u00adde bear\u00adbeit\u00adbar sind, haben wir einen visu\u00adel\u00adlen Indi\u00adka\u00adtor in die Chro\u00adnik am rech\u00adten Rand der jewei\u00adli\u00adgen Zei\u00adle ein\u00adge\u00adbaut. Wischen Sie zum Kor\u00adri\u00adgie\u00adren ein\u00adfach die Zei\u00adle des jewei\u00adli\u00adgen Daten\u00adsat\u00adzes nach links, dann \u00f6ff\u00adnen sich die ent\u00adspre\u00adchen\u00adden Schaltfl\u00e4chen.<\/p>\n\n\n\n<figure class=\"wp-block-gallery columns-2  img-bordered wp-block-gallery-1 is-layout-flex wp-block-gallery-is-layout-flex\"><ul class=\"blocks-gallery-grid\"><li class=\"blocks-gallery-item\"><figure><a href=\"https:\/\/blog.klimastrategie.de\/wp-content\/uploads\/2018\/12\/INM_Management_App_130_Status_der_Ablesung.png\"><img loading=\"lazy\" decoding=\"async\" width=\"540\" height=\"880\" src=\"https:\/\/blog.klimastrategie.de\/wp-content\/uploads\/2018\/12\/INM_Management_App_130_Status_der_Ablesung.png\" alt data-id=\"610\" data-link=\"https:\/\/blog.klimastrategie.de\/?attachment_id=610#main\" class=\"wp-image-610\" srcset=\"https:\/\/blog.klimastrategie.de\/wp-content\/uploads\/2018\/12\/INM_Management_App_130_Status_der_Ablesung.png 540w, https:\/\/blog.klimastrategie.de\/wp-content\/uploads\/2018\/12\/INM_Management_App_130_Status_der_Ablesung-184x300.png 184w\" sizes=\"auto, (max-width: 540px) 100vw, 540px\"><\/a><\/figure><\/li><li class=\"blocks-gallery-item\"><figure><a href=\"https:\/\/blog.klimastrategie.de\/wp-content\/uploads\/2018\/12\/INM_Management_App_130_Zaehlerstand-korrigieren.png\"><img loading=\"lazy\" decoding=\"async\" width=\"540\" height=\"880\" src=\"https:\/\/blog.klimastrategie.de\/wp-content\/uploads\/2018\/12\/INM_Management_App_130_Zaehlerstand-korrigieren.png\" alt data-id=\"611\" data-link=\"https:\/\/blog.klimastrategie.de\/?attachment_id=611#main\" class=\"wp-image-611\" srcset=\"https:\/\/blog.klimastrategie.de\/wp-content\/uploads\/2018\/12\/INM_Management_App_130_Zaehlerstand-korrigieren.png 540w, https:\/\/blog.klimastrategie.de\/wp-content\/uploads\/2018\/12\/INM_Management_App_130_Zaehlerstand-korrigieren-184x300.png 184w\" sizes=\"auto, (max-width: 540px) 100vw, 540px\"><\/a><\/figure><\/li><\/ul><\/figure>\n\n\n\n<h3 class=\"wp-block-heading\">Offene Verbrauchseingaben<br><\/h3>\n\n\n\n<p>Bereits seit lan\u00adger Zeit gibt es im Web-Sys\u00adtem die offe\u00adnen Ver\u00adbrauchs\u00adein\u00adga\u00adben, wel\u00adche die Ein\u00adstel\u00adlun\u00adgen zum Ver\u00adbrauchs\u00adcon\u00adtrol\u00adling nut\u00adzen und ver\u00adsp\u00e4\u00adte\u00adte oder dem\u00adn\u00e4chst f\u00e4l\u00adli\u00adge Able\u00adsun\u00adgen auf\u00adlis\u00adten. Die\u00adse Funk\u00adtio\u00adna\u00adli\u00adt\u00e4t haben wir nun eben\u00adso in der App inte\u00adgriert. Nach Aus\u00adwahl eines Unter\u00adsu\u00adchungs\u00adraums haben Sie die M\u00f6g\u00adlich\u00adkeit, die <strong>geplan\u00adten Able\u00adsun\u00adgen im Start\u00adbild\u00adschirm<\/strong> auf\u00adzu\u00adru\u00adfen. In den Kate\u00adgo\u00adrien <em>\u00ab\u00fcber\u00adf\u00e4l\u00adlig\u00bb<\/em>,<em> \u00abheu\u00adte\u00bb<\/em>, <em>\u00abmor\u00adgen\u00bb<\/em> sowie <em>\u00abdem\u00adn\u00e4chst\u00bb<\/em> wer\u00adden Ihnen Z\u00e4h\u00adler ange\u00adzeigt, wel\u00adche enst\u00adpre\u00adchend eine Able\u00adsung erwar\u00adten. Alle rele\u00advan\u00adten Infor\u00adma\u00adtio\u00adnen wer\u00adden \u00fcber\u00adsicht\u00adlich auf\u00adbe\u00adrei\u00adtet und Sie haben direkt die M\u00f6g\u00adlich\u00adkeit, einen Z\u00e4h\u00adler\u00adstand zu erfas\u00adsen. Wie immer ist dies auch off\u00adline m\u00f6g\u00adlich. Ledig\u00adlich zum Laden der offe\u00adnen Ver\u00adbrauchs\u00adein\u00adga\u00adben wird eine Netz\u00adver\u00adbin\u00addung ben\u00f6tigt.<\/p>\n\n\n\n<figure class=\"wp-block-gallery columns-4  aligncenter img-bordered wp-block-gallery-2 is-layout-flex wp-block-gallery-is-layout-flex\"><ul class=\"blocks-gallery-grid\"><li class=\"blocks-gallery-item\"><figure><a href=\"https:\/\/blog.klimastrategie.de\/wp-content\/uploads\/2018\/12\/INM_Management_App_130_Offene_Verbrauchseingaben_ueberfaellig.png\"><img loading=\"lazy\" decoding=\"async\" width=\"540\" height=\"880\" src=\"https:\/\/blog.klimastrategie.de\/wp-content\/uploads\/2018\/12\/INM_Management_App_130_Offene_Verbrauchseingaben_ueberfaellig.png\" alt data-id=\"578\" data-link=\"https:\/\/blog.klimastrategie.de\/?attachment_id=578\" class=\"wp-image-578\" srcset=\"https:\/\/blog.klimastrategie.de\/wp-content\/uploads\/2018\/12\/INM_Management_App_130_Offene_Verbrauchseingaben_ueberfaellig.png 540w, https:\/\/blog.klimastrategie.de\/wp-content\/uploads\/2018\/12\/INM_Management_App_130_Offene_Verbrauchseingaben_ueberfaellig-184x300.png 184w\" sizes=\"auto, (max-width: 540px) 100vw, 540px\"><\/a><\/figure><\/li><li class=\"blocks-gallery-item\"><figure><a href=\"https:\/\/blog.klimastrategie.de\/wp-content\/uploads\/2018\/12\/INM_Management_App_130_Offene_Verbrauchseingaben_heute.png\"><img loading=\"lazy\" decoding=\"async\" width=\"540\" height=\"880\" src=\"https:\/\/blog.klimastrategie.de\/wp-content\/uploads\/2018\/12\/INM_Management_App_130_Offene_Verbrauchseingaben_heute.png\" alt data-id=\"576\" data-link=\"https:\/\/blog.klimastrategie.de\/?attachment_id=576\" class=\"wp-image-576\" srcset=\"https:\/\/blog.klimastrategie.de\/wp-content\/uploads\/2018\/12\/INM_Management_App_130_Offene_Verbrauchseingaben_heute.png 540w, https:\/\/blog.klimastrategie.de\/wp-content\/uploads\/2018\/12\/INM_Management_App_130_Offene_Verbrauchseingaben_heute-184x300.png 184w\" sizes=\"auto, (max-width: 540px) 100vw, 540px\"><\/a><\/figure><\/li><li class=\"blocks-gallery-item\"><figure><a href=\"https:\/\/blog.klimastrategie.de\/wp-content\/uploads\/2018\/12\/INM_Management_App_130_Offene_Verbrauchseingaben_morgen.png\"><img loading=\"lazy\" decoding=\"async\" width=\"540\" height=\"880\" src=\"https:\/\/blog.klimastrategie.de\/wp-content\/uploads\/2018\/12\/INM_Management_App_130_Offene_Verbrauchseingaben_morgen.png\" alt data-id=\"577\" data-link=\"https:\/\/blog.klimastrategie.de\/?attachment_id=577\" class=\"wp-image-577\" srcset=\"https:\/\/blog.klimastrategie.de\/wp-content\/uploads\/2018\/12\/INM_Management_App_130_Offene_Verbrauchseingaben_morgen.png 540w, https:\/\/blog.klimastrategie.de\/wp-content\/uploads\/2018\/12\/INM_Management_App_130_Offene_Verbrauchseingaben_morgen-184x300.png 184w\" sizes=\"auto, (max-width: 540px) 100vw, 540px\"><\/a><\/figure><\/li><li class=\"blocks-gallery-item\"><figure><a href=\"https:\/\/blog.klimastrategie.de\/wp-content\/uploads\/2018\/12\/INM_Management_App_130_Offene_Verbrauchseingaben_demnaechst.png\"><img loading=\"lazy\" decoding=\"async\" width=\"540\" height=\"880\" src=\"https:\/\/blog.klimastrategie.de\/wp-content\/uploads\/2018\/12\/INM_Management_App_130_Offene_Verbrauchseingaben_demnaechst.png\" alt data-id=\"575\" data-link=\"https:\/\/blog.klimastrategie.de\/?attachment_id=575\" class=\"wp-image-575\" srcset=\"https:\/\/blog.klimastrategie.de\/wp-content\/uploads\/2018\/12\/INM_Management_App_130_Offene_Verbrauchseingaben_demnaechst.png 540w, https:\/\/blog.klimastrategie.de\/wp-content\/uploads\/2018\/12\/INM_Management_App_130_Offene_Verbrauchseingaben_demnaechst-184x300.png 184w\" sizes=\"auto, (max-width: 540px) 100vw, 540px\"><\/a><\/figure><\/li><\/ul><\/figure>\n\n\n\n<p>Wir haben bereits Pl\u00e4\u00adne f\u00fcr die zeit\u00adna\u00adhe Wei\u00adter\u00adent\u00adwick\u00adlung. So wird es unter ande\u00adrem M\u00f6g\u00adlich\u00adkei\u00adten geben, die Ansicht wei\u00adter zu fil\u00adtern, bspw. nur Z\u00e4h\u00adler eines kon\u00adkre\u00adten Gemein\u00adde\u00adteils oder Geb\u00e4u\u00addes anzu\u00adzei\u00adgen. Wei\u00adter\u00adhin soll es auto\u00adma\u00adti\u00adsche Benach\u00adrich\u00adti\u00adgun\u00adgen geben, sobald Z\u00e4h\u00adler f\u00e4l\u00adlig sind. F\u00fcr die\u00adse Funk\u00adtio\u00adnen k\u00f6n\u00adnen Sie sich auf das n\u00e4chs\u00adte Update der INM Smart\u00adphone-App im kom\u00admen\u00adden Jahr freuen!<br><\/p>\n\n\n\n<h3 class=\"wp-block-heading\">Z\u00e4hler-Freischaltung<\/h3>\n\n\n\n<p>Eine wei\u00adte\u00adre Funk\u00adti\u00adon, die in letz\u00adter Zeit ver\u00admehrt ange\u00adfragt wur\u00adde, betrifft die Frei\u00adschal\u00adtung der Z\u00e4h\u00adler f\u00fcr die Nut\u00adzung in der Smart\u00adphone-App. Bis\u00adher muss\u00adte jeder Z\u00e4h\u00adler ein\u00adzeln frei\u00adge\u00adschal\u00adtet wer\u00adden, was zuge\u00adge\u00adbe\u00adner Ma\u00dfen bei der Erst\u00adkon\u00adfi\u00adgu\u00adra\u00adti\u00adon m\u00fch\u00adse\u00adlig sein kann.&nbsp; Aus die\u00adsem Grund ist es nun m\u00f6g\u00adlich, <strong>alle Z\u00e4h\u00adler eines Geb\u00e4u\u00addes oder Gemein\u00adde\u00adteils mit nur einem Klick frei\u00adzu\u00adschal\u00adten<\/strong> oder wie\u00adder zu deak\u00adti\u00advie\u00adren. Auch die Gene\u00adrie\u00adrung der QR-Codes ist geb\u00fcn\u00addelt m\u00f6g\u00adlich und die\u00adse k\u00f6n\u00adnen als ZIP-Archiv her\u00adun\u00adter\u00adge\u00adla\u00adden wer\u00adden. Sie fin\u00adden die\u00adse Funk\u00adtio\u00adna\u00adli\u00adt\u00e4t in der Z\u00e4h\u00adler\u00ad\u00fcber\u00adsicht eines Geb\u00e4u\u00addes oder Gemeindeteils.<br><\/p>\n\n\n\n<figure class=\"wp-block-image img-bordered\"><a href=\"https:\/\/blog.klimastrategie.de\/wp-content\/uploads\/2018\/12\/INM_Management_201812_Zaehler_fuer_App_freischalten.png\"><img loading=\"lazy\" decoding=\"async\" width=\"1024\" height=\"291\" src=\"https:\/\/blog.klimastrategie.de\/wp-content\/uploads\/2018\/12\/INM_Management_201812_Zaehler_fuer_App_freischalten-1024x291.png\" alt class=\"wp-image-573\" srcset=\"https:\/\/blog.klimastrategie.de\/wp-content\/uploads\/2018\/12\/INM_Management_201812_Zaehler_fuer_App_freischalten-1024x291.png 1024w, https:\/\/blog.klimastrategie.de\/wp-content\/uploads\/2018\/12\/INM_Management_201812_Zaehler_fuer_App_freischalten-300x85.png 300w, https:\/\/blog.klimastrategie.de\/wp-content\/uploads\/2018\/12\/INM_Management_201812_Zaehler_fuer_App_freischalten-768x218.png 768w, https:\/\/blog.klimastrategie.de\/wp-content\/uploads\/2018\/12\/INM_Management_201812_Zaehler_fuer_App_freischalten.png 1386w\" sizes=\"auto, (max-width: 1024px) 100vw, 1024px\"><\/a><figcaption>Mit nur einem Klick k\u00f6n\u00adnen alle Z\u00e4h\u00adler des Geb\u00e4u\u00addes oder des Gemein\u00adde\u00adteils f\u00fcr die Nut\u00adzung via Smart\u00adphone-App frei\u00adge\u00adschal\u00adtet werden.<\/figcaption><\/figure>\n\n\n\n<p><strong>Wich\u00adti\u00adger Hin\u00adweis:<\/strong> Wir haben mit die\u00adsem Update der INM Manage\u00adment Smart\u00adphone App die Unter\u00adst\u00fct\u00adzung f\u00fcr \u00e4lte\u00adre Ger\u00e4\u00adte ange\u00adpasst. Ab sofort ist min\u00addes\u00adtens die Android Ver\u00adsi\u00adon 4.1 erfor\u00adder\u00adlich. Hin\u00adter\u00adgrund ist, dass sei\u00adtens Goog\u00adle der Sup\u00adport f\u00fcr \u00e4lte\u00adre Ver\u00adsio\u00adnen ein\u00adge\u00adstellt und es kei\u00adne Updates f\u00fcr die ent\u00adspre\u00adchen\u00adden Play Ser\u00advices mehr geben&nbsp;wird.&nbsp;<\/p>\n\n\n\n<p>Haben Sie sich die INM Manage\u00adment Smart\u00adphone-App schon her\u00adun\u00adter geladen?<br><\/p>\n\n\n\n<div class=\"wp-block-image\"><figure class=\"aligncenter size-large\"><a href=\"https:\/\/play.google.com\/store\/apps\/details?id=de.klimastrategie.management.app.android&amp;pcampaignid=MKT-Other-global-all-co-prtnr-py-PartBadge-Mar2515-1\" target=\"_blank\" rel=\"noreferrer noopener\"><img decoding=\"async\" src=\"https:\/\/blog.klimastrategie.de\/wp-content\/uploads\/2019\/11\/google-play-badge.svg\" alt class=\"wp-image-1049\"><\/a><\/figure><\/div>\n\n\n\n<h2 class=\"wp-block-heading\">Weitere Neuerungen im \u00dcberblick<\/h2>\n\n\n\n<p>Die fol\u00adgen\u00adde Auf\u00adlis\u00adtung erl\u00e4u\u00adtert Ihnen wei\u00adte\u00adre neue bzw. ver\u00adbes\u00adser\u00adte Funk\u00adtio\u00adnen in unse\u00adren Web-Diens\u00adten. Wir hof\u00adfen, Ihnen mit die\u00adsen Neue\u00adrun\u00adgen die all\u00adt\u00e4g\u00adli\u00adche Arbeit erleich\u00adtern zu k\u00f6n\u00adnen und freu\u00aden uns stets \u00fcber Ihre Anre\u00adgun\u00adgen zur Ver\u00adbes\u00adse\u00adrung unse\u00adrer Diens\u00adte. Z\u00f6gern Sie nicht, uns bei Fra\u00adgen und Vor\u00adschl\u00e4\u00adgen zu kontaktieren!<br><\/p>\n\n\n\n<ul class=\"wp-block-list\"><li>Beim Wech\u00adseln eines Z\u00e4h\u00adlers k\u00f6n\u00adnen die bis\u00adhe\u00adri\u00adgen Ein\u00adstel\u00adlun\u00adgen zum Ver\u00adbrauchs\u00adcon\u00adtrol\u00adling direkt \u00fcber\u00adpr\u00fcft und gege\u00adbe\u00adnen\u00adfalls ange\u00adpasst werden.<\/li><li>Bei den Hin\u00adwei\u00adsen zu Ver\u00adtrags\u00adpro\u00adble\u00admen von Z\u00e4h\u00adlern wer\u00adden nun auch Hin\u00adwei\u00adse bei feh\u00adlen\u00adden Tarif\u00adbe\u00adstand\u00adtei\u00adlen im Fal\u00adle von HT\/NT-Z\u00e4h\u00adlern sowie ver\u00adein\u00adbar\u00adter Anschluss\u00adleis\u00adtung angezeigt.<\/li><li>Auf\u00adgrund ver\u00admehr\u00adter Anfra\u00adgen haben wir die \u00abEreig\u00adnis\u00adse <span class=\"amp\">&amp;<\/span> Vor\u00adf\u00e4l\u00adle\u00bb eines Geb\u00e4u\u00addes nun eben\u00adso f\u00fcr den Zugriffs\u00adsta\u00adtus \u00abDaten\u00ader\u00adfas\u00adsung\u00bb frei\u00adge\u00adschal\u00adtet. Im n\u00e4chs\u00adten Update der Smart\u00adphone-App (geplant: Q1\/2019) wer\u00adden wir auch dort die Unter\u00adst\u00fct\u00adzung imple\u00admen\u00adtie\u00adren und das Hin\u00adzu\u00adf\u00fc\u00adgen von Ereig\u00adnis\u00adsen und Vor\u00adf\u00e4l\u00adlen direkt vor Ort erm\u00f6glichen.<\/li><li>Neue Schnell\u00adaus\u00adwer\u00adtung \u00abGeb\u00e4u\u00adde-Ver\u00adbrauchs\u00adent\u00adwick\u00adlung\u00bb: Die Geb\u00e4u\u00adde-Ver\u00adbrauchs\u00adent\u00adwick\u00adlung gibt einen \u00dcber\u00adblick \u00fcber die Ent\u00adwick\u00adlung der Ver\u00adbr\u00e4u\u00adche der Geb\u00e4u\u00adde des Unter\u00adsu\u00adchungs\u00adraums \u00fcber die letz\u00adten vier Jah\u00adre. Es wer\u00adden die monat\u00adli\u00adchen Ver\u00adbr\u00e4u\u00adche sowie der Gesamt\u00adver\u00adbrauch des jewei\u00adli\u00adgen Jah\u00adres aus\u00adge\u00adwie\u00adsen, wobei ent\u00adwe\u00adder alle Geb\u00e4u\u00adde des Unter\u00adsu\u00adchungs\u00adraums oder die Geb\u00e4u\u00adde eines aus\u00adge\u00adw\u00e4hl\u00adten Gemein\u00adde\u00adteils ange\u00adzeigt wer\u00adden k\u00f6n\u00adnen. Die dar\u00adge\u00adstell\u00adte Ansicht ist nach Excel exportierbar.<\/li><li>Im Account-Ser\u00advice k\u00f6n\u00adnen nun Geb\u00e4u\u00adde ver\u00adwal\u00adtet wer\u00adden, als Vor\u00adbe\u00adrei\u00adtung f\u00fcr die Nut\u00adzung in meh\u00adre\u00adren Appli\u00adka\u00adtio\u00adnen. Dies war bis\u00adher ledig\u00adlich in INM Manage\u00adment m\u00f6g\u00adlich. Durch die \u00c4nde\u00adrung wird eben\u00adso die Erst\u00adein\u00adrich\u00adtung erleich\u00adtert, da alles im Account-Ser\u00advice erle\u00addigt wer\u00adden kann. Geb\u00e4u\u00adde k\u00f6n\u00adnen initi\u00adal ein\u00adge\u00adrich\u00adtet und ohne \u00abhin und her\u00bb Berech\u00adti\u00adgun\u00adgen ver\u00adge\u00adben wer\u00adden, alles in einer Appli\u00adka\u00adti\u00adon. Wei\u00adter\u00adhin wur\u00adde die Benut\u00adzer\u00adober\u00adfl\u00e4\u00adche ange\u00adpasst, um bes\u00adser zu visua\u00adli\u00adsie\u00adren, wo Geb\u00e4u\u00adde ver\u00adwen\u00addet wer\u00adden und wer Berech\u00adti\u00adgun\u00adgen auf Gemein\u00adde\u00adtei\u00adle und Geb\u00e4u\u00adde besitzt.<\/li><\/ul>\n","protected":false},"excerpt":{"rendered":"<p>Unser vor\u00adtr\u00e4g\u00adli\u00adches Weih\u00adnachts\u00adge\u00adschenk f\u00fcr Sie: das INM Manage\u00adment Update 2018.12! Der Fokus der Ent\u00adwick\u00adlun\u00adgen lag die\u00adses mal vor allem auf der INM Manage\u00adment Smar\u00adt\u00ad\u00adpho\u00adne-App und wir freu\u00aden uns, Ihnen zahlreiche\u2026<\/p>\n","protected":false},"author":3,"featured_media":610,"comment_status":"open","ping_status":"open","sticky":false,"template":"","format":"standard","meta":{"inline_featured_image":false,"wp_typography_post_enhancements_disabled":false,"footnotes":""},"categories":[7,8,3],"tags":[],"class_list":["post-554","post","type-post","status-publish","format-standard","has-post-thumbnail","hentry","category-inm-management","category-inm-management-smartphone-app","category-produkte","entry"],"yoast_head":"<!-- This site is optimized with the Yoast SEO plugin v27.5 - https:\/\/yoast.com\/product\/yoast-seo-wordpress\/ -->\n<title>INM Management Update 2018.12 - INM kommunale Klimastrategie Blog<\/title>\n<meta name=\"robots\" content=\"index, follow, max-snippet:-1, max-image-preview:large, max-video-preview:-1\" \/>\n<link rel=\"canonical\" href=\"https:\/\/blog.klimastrategie.de\/index.php\/2018\/12\/18\/inm-management-update-2018-12\/\" \/>\n<meta property=\"og:locale\" content=\"de_DE\" \/>\n<meta property=\"og:type\" content=\"article\" \/>\n<meta property=\"og:title\" content=\"INM Management Update 2018.12 - INM kommunale Klimastrategie Blog\" \/>\n<meta property=\"og:description\" content=\"Unser vor\u00adtr\u00e4g\u00adli\u00adches Weih\u00adnachts\u00adge\u00adschenk f\u00fcr Sie: das INM Manage\u00adment Update 2018.12! Der Fokus der Ent\u00adwick\u00adlun\u00adgen lag die\u00adses mal vor allem auf der INM Manage\u00adment Smart\u00adphone-App und wir freu\u00aden uns, Ihnen zahl\u00adrei\u00adche&#8230;\" \/>\n<meta property=\"og:url\" content=\"https:\/\/blog.klimastrategie.de\/index.php\/2018\/12\/18\/inm-management-update-2018-12\/\" \/>\n<meta property=\"og:site_name\" content=\"INM kommunale Klimastrategie Blog\" \/>\n<meta property=\"article:publisher\" content=\"https:\/\/www.facebook.com\/klimastrategie\" \/>\n<meta property=\"article:published_time\" content=\"2018-12-18T15:35:21+00:00\" \/>\n<meta property=\"article:modified_time\" content=\"2019-11-22T08:00:15+00:00\" \/>\n<meta property=\"og:image\" content=\"https:\/\/blog.klimastrategie.de\/wp-content\/uploads\/2018\/12\/INM_Management_App_130_Status_der_Ablesung.png\" \/>\n\t<meta property=\"og:image:width\" content=\"540\" \/>\n\t<meta property=\"og:image:height\" content=\"880\" \/>\n\t<meta property=\"og:image:type\" content=\"image\/png\" \/>\n<meta name=\"author\" content=\"J\u00f6rg L\u00e4ssig\" \/>\n<meta name=\"twitter:card\" content=\"summary_large_image\" \/>\n<meta name=\"twitter:label1\" content=\"Verfasst von\" \/>\n\t<meta name=\"twitter:data1\" content=\"J\u00f6rg L\u00e4ssig\" \/>\n\t<meta name=\"twitter:label2\" content=\"Gesch\u00e4tzte Lesezeit\" \/>\n\t<meta name=\"twitter:data2\" content=\"6\u00a0Minuten\" \/>\n<script type=\"application\/ld+json\" class=\"yoast-schema-graph\">{\"@context\":\"https:\\\/\\\/schema.org\",\"@graph\":[{\"@type\":\"Article\",\"@id\":\"https:\\\/\\\/blog.klimastrategie.de\\\/index.php\\\/2018\\\/12\\\/18\\\/inm-management-update-2018-12\\\/#article\",\"isPartOf\":{\"@id\":\"https:\\\/\\\/blog.klimastrategie.de\\\/index.php\\\/2018\\\/12\\\/18\\\/inm-management-update-2018-12\\\/\"},\"author\":{\"name\":\"J\u00f6rg L\u00e4ssig\",\"@id\":\"https:\\\/\\\/blog.klimastrategie.de\\\/#\\\/schema\\\/person\\\/6da649177508393716a352870559a74c\"},\"headline\":\"INM Management Update 2018.12\",\"datePublished\":\"2018-12-18T15:35:21+00:00\",\"dateModified\":\"2019-11-22T08:00:15+00:00\",\"mainEntityOfPage\":{\"@id\":\"https:\\\/\\\/blog.klimastrategie.de\\\/index.php\\\/2018\\\/12\\\/18\\\/inm-management-update-2018-12\\\/\"},\"wordCount\":1295,\"commentCount\":0,\"publisher\":{\"@id\":\"https:\\\/\\\/blog.klimastrategie.de\\\/#organization\"},\"image\":{\"@id\":\"https:\\\/\\\/blog.klimastrategie.de\\\/index.php\\\/2018\\\/12\\\/18\\\/inm-management-update-2018-12\\\/#primaryimage\"},\"thumbnailUrl\":\"https:\\\/\\\/blog.klimastrategie.de\\\/wp-content\\\/uploads\\\/2018\\\/12\\\/INM_Management_App_130_Status_der_Ablesung.png\",\"articleSection\":[\"INM Management\",\"INM Management Smartphone App\",\"Produkte\"],\"inLanguage\":\"de\"},{\"@type\":\"WebPage\",\"@id\":\"https:\\\/\\\/blog.klimastrategie.de\\\/index.php\\\/2018\\\/12\\\/18\\\/inm-management-update-2018-12\\\/\",\"url\":\"https:\\\/\\\/blog.klimastrategie.de\\\/index.php\\\/2018\\\/12\\\/18\\\/inm-management-update-2018-12\\\/\",\"name\":\"INM Management Update 2018.12 - INM kommunale Klimastrategie Blog\",\"isPartOf\":{\"@id\":\"https:\\\/\\\/blog.klimastrategie.de\\\/#website\"},\"primaryImageOfPage\":{\"@id\":\"https:\\\/\\\/blog.klimastrategie.de\\\/index.php\\\/2018\\\/12\\\/18\\\/inm-management-update-2018-12\\\/#primaryimage\"},\"image\":{\"@id\":\"https:\\\/\\\/blog.klimastrategie.de\\\/index.php\\\/2018\\\/12\\\/18\\\/inm-management-update-2018-12\\\/#primaryimage\"},\"thumbnailUrl\":\"https:\\\/\\\/blog.klimastrategie.de\\\/wp-content\\\/uploads\\\/2018\\\/12\\\/INM_Management_App_130_Status_der_Ablesung.png\",\"datePublished\":\"2018-12-18T15:35:21+00:00\",\"dateModified\":\"2019-11-22T08:00:15+00:00\",\"breadcrumb\":{\"@id\":\"https:\\\/\\\/blog.klimastrategie.de\\\/index.php\\\/2018\\\/12\\\/18\\\/inm-management-update-2018-12\\\/#breadcrumb\"},\"inLanguage\":\"de\",\"potentialAction\":[{\"@type\":\"ReadAction\",\"target\":[\"https:\\\/\\\/blog.klimastrategie.de\\\/index.php\\\/2018\\\/12\\\/18\\\/inm-management-update-2018-12\\\/\"]}]},{\"@type\":\"ImageObject\",\"inLanguage\":\"de\",\"@id\":\"https:\\\/\\\/blog.klimastrategie.de\\\/index.php\\\/2018\\\/12\\\/18\\\/inm-management-update-2018-12\\\/#primaryimage\",\"url\":\"https:\\\/\\\/blog.klimastrategie.de\\\/wp-content\\\/uploads\\\/2018\\\/12\\\/INM_Management_App_130_Status_der_Ablesung.png\",\"contentUrl\":\"https:\\\/\\\/blog.klimastrategie.de\\\/wp-content\\\/uploads\\\/2018\\\/12\\\/INM_Management_App_130_Status_der_Ablesung.png\",\"width\":540,\"height\":880,\"caption\":\"Verschiedene Indikatoren geben Aufschluss \u00fcber die Lizenz des Untersuchungsraums sowie die Berechtigung auf den jeweiligen Gemeindeteil oder das Geb\u00e4ude. Beim Z\u00e4hler wird der Status der Ablesung visualisiert.\"},{\"@type\":\"BreadcrumbList\",\"@id\":\"https:\\\/\\\/blog.klimastrategie.de\\\/index.php\\\/2018\\\/12\\\/18\\\/inm-management-update-2018-12\\\/#breadcrumb\",\"itemListElement\":[{\"@type\":\"ListItem\",\"position\":1,\"name\":\"Startseite\",\"item\":\"https:\\\/\\\/blog.klimastrategie.de\\\/\"},{\"@type\":\"ListItem\",\"position\":2,\"name\":\"INM Management Update 2018.12\"}]},{\"@type\":\"WebSite\",\"@id\":\"https:\\\/\\\/blog.klimastrategie.de\\\/#website\",\"url\":\"https:\\\/\\\/blog.klimastrategie.de\\\/\",\"name\":\"INM kommunale Klimastrategie Blog\",\"description\":\"Kommunales Energie- und Klimamanagement aus einer Hand\",\"publisher\":{\"@id\":\"https:\\\/\\\/blog.klimastrategie.de\\\/#organization\"},\"potentialAction\":[{\"@type\":\"SearchAction\",\"target\":{\"@type\":\"EntryPoint\",\"urlTemplate\":\"https:\\\/\\\/blog.klimastrategie.de\\\/?s={search_term_string}\"},\"query-input\":{\"@type\":\"PropertyValueSpecification\",\"valueRequired\":true,\"valueName\":\"search_term_string\"}}],\"inLanguage\":\"de\"},{\"@type\":\"Organization\",\"@id\":\"https:\\\/\\\/blog.klimastrategie.de\\\/#organization\",\"name\":\"INM Institut f\u00fcr Nachhaltigkeitsmanagement GmbH\",\"url\":\"https:\\\/\\\/blog.klimastrategie.de\\\/\",\"logo\":{\"@type\":\"ImageObject\",\"inLanguage\":\"de\",\"@id\":\"https:\\\/\\\/blog.klimastrategie.de\\\/#\\\/schema\\\/logo\\\/image\\\/\",\"url\":\"https:\\\/\\\/blog.klimastrategie.de\\\/wp-content\\\/uploads\\\/2017\\\/04\\\/logo_small.png\",\"contentUrl\":\"https:\\\/\\\/blog.klimastrategie.de\\\/wp-content\\\/uploads\\\/2017\\\/04\\\/logo_small.png\",\"width\":236,\"height\":50,\"caption\":\"INM Institut f\u00fcr Nachhaltigkeitsmanagement GmbH\"},\"image\":{\"@id\":\"https:\\\/\\\/blog.klimastrategie.de\\\/#\\\/schema\\\/logo\\\/image\\\/\"},\"sameAs\":[\"https:\\\/\\\/www.facebook.com\\\/klimastrategie\",\"https:\\\/\\\/www.linkedin.com\\\/company\\\/inm-institut\"]},{\"@type\":\"Person\",\"@id\":\"https:\\\/\\\/blog.klimastrategie.de\\\/#\\\/schema\\\/person\\\/6da649177508393716a352870559a74c\",\"name\":\"J\u00f6rg L\u00e4ssig\",\"image\":{\"@type\":\"ImageObject\",\"inLanguage\":\"de\",\"@id\":\"https:\\\/\\\/blog.klimastrategie.de\\\/wp-content\\\/uploads\\\/2016\\\/01\\\/laessig-150x143.jpg\",\"url\":\"https:\\\/\\\/blog.klimastrategie.de\\\/wp-content\\\/uploads\\\/2016\\\/01\\\/laessig-150x143.jpg\",\"contentUrl\":\"https:\\\/\\\/blog.klimastrategie.de\\\/wp-content\\\/uploads\\\/2016\\\/01\\\/laessig-150x143.jpg\",\"caption\":\"J\u00f6rg L\u00e4ssig\"},\"description\":\"J\u00f6rg L\u00e4ssig ist Professor f\u00fcr die Entwicklung von Unternehmensanwendungen an der Hochschule Zittau\\\/G\u00f6rlitz. Er besch\u00e4ftigt sich mit der Konzeptionierung und Entwicklung wirtschaftsnaher IT-Anwendungen und -Technologien. Dabei wird der IT-Einsatz insbesondere unter dem Gesichtspunkt der Nachhaltigkeit untersucht. Mit seinem Forschungsteam untersucht er neue Entwicklungen, um diese zeitnah als L\u00f6sung f\u00fcr Sie zur Verf\u00fcgung zu stellen.\",\"sameAs\":[\"http:\\\/\\\/www.klimastrategie.de\"],\"url\":\"https:\\\/\\\/blog.klimastrategie.de\\\/index.php\\\/author\\\/jlaessig\\\/\"}]}<\/script>\n<!-- \/ Yoast SEO plugin. -->","yoast_head_json":{"title":"INM Management Update 2018.12 - INM kommunale Klimastrategie Blog","robots":{"index":"index","follow":"follow","max-snippet":"max-snippet:-1","max-image-preview":"max-image-preview:large","max-video-preview":"max-video-preview:-1"},"canonical":"https:\/\/blog.klimastrategie.de\/index.php\/2018\/12\/18\/inm-management-update-2018-12\/","og_locale":"de_DE","og_type":"article","og_title":"INM Management Update 2018.12 - INM kommunale Klimastrategie Blog","og_description":"Unser vor\u00adtr\u00e4g\u00adli\u00adches Weih\u00adnachts\u00adge\u00adschenk f\u00fcr Sie: das INM Manage\u00adment Update 2018.12! Der Fokus der Ent\u00adwick\u00adlun\u00adgen lag die\u00adses mal vor allem auf der INM Manage\u00adment Smart\u00adphone-App und wir freu\u00aden uns, Ihnen zahl\u00adrei\u00adche&#8230;","og_url":"https:\/\/blog.klimastrategie.de\/index.php\/2018\/12\/18\/inm-management-update-2018-12\/","og_site_name":"INM kommunale Klimastrategie Blog","article_publisher":"https:\/\/www.facebook.com\/klimastrategie","article_published_time":"2018-12-18T15:35:21+00:00","article_modified_time":"2019-11-22T08:00:15+00:00","og_image":[{"width":540,"height":880,"url":"https:\/\/blog.klimastrategie.de\/wp-content\/uploads\/2018\/12\/INM_Management_App_130_Status_der_Ablesung.png","type":"image\/png"}],"author":"J\u00f6rg L\u00e4ssig","twitter_card":"summary_large_image","twitter_misc":{"Verfasst von":"J\u00f6rg L\u00e4ssig","Gesch\u00e4tzte Lesezeit":"6\u00a0Minuten"},"schema":{"@context":"https:\/\/schema.org","@graph":[{"@type":"Article","@id":"https:\/\/blog.klimastrategie.de\/index.php\/2018\/12\/18\/inm-management-update-2018-12\/#article","isPartOf":{"@id":"https:\/\/blog.klimastrategie.de\/index.php\/2018\/12\/18\/inm-management-update-2018-12\/"},"author":{"name":"J\u00f6rg L\u00e4ssig","@id":"https:\/\/blog.klimastrategie.de\/#\/schema\/person\/6da649177508393716a352870559a74c"},"headline":"INM Management Update 2018.12","datePublished":"2018-12-18T15:35:21+00:00","dateModified":"2019-11-22T08:00:15+00:00","mainEntityOfPage":{"@id":"https:\/\/blog.klimastrategie.de\/index.php\/2018\/12\/18\/inm-management-update-2018-12\/"},"wordCount":1295,"commentCount":0,"publisher":{"@id":"https:\/\/blog.klimastrategie.de\/#organization"},"image":{"@id":"https:\/\/blog.klimastrategie.de\/index.php\/2018\/12\/18\/inm-management-update-2018-12\/#primaryimage"},"thumbnailUrl":"https:\/\/blog.klimastrategie.de\/wp-content\/uploads\/2018\/12\/INM_Management_App_130_Status_der_Ablesung.png","articleSection":["INM Management","INM Management Smartphone App","Produkte"],"inLanguage":"de"},{"@type":"WebPage","@id":"https:\/\/blog.klimastrategie.de\/index.php\/2018\/12\/18\/inm-management-update-2018-12\/","url":"https:\/\/blog.klimastrategie.de\/index.php\/2018\/12\/18\/inm-management-update-2018-12\/","name":"INM Management Update 2018.12 - INM kommunale Klimastrategie Blog","isPartOf":{"@id":"https:\/\/blog.klimastrategie.de\/#website"},"primaryImageOfPage":{"@id":"https:\/\/blog.klimastrategie.de\/index.php\/2018\/12\/18\/inm-management-update-2018-12\/#primaryimage"},"image":{"@id":"https:\/\/blog.klimastrategie.de\/index.php\/2018\/12\/18\/inm-management-update-2018-12\/#primaryimage"},"thumbnailUrl":"https:\/\/blog.klimastrategie.de\/wp-content\/uploads\/2018\/12\/INM_Management_App_130_Status_der_Ablesung.png","datePublished":"2018-12-18T15:35:21+00:00","dateModified":"2019-11-22T08:00:15+00:00","breadcrumb":{"@id":"https:\/\/blog.klimastrategie.de\/index.php\/2018\/12\/18\/inm-management-update-2018-12\/#breadcrumb"},"inLanguage":"de","potentialAction":[{"@type":"ReadAction","target":["https:\/\/blog.klimastrategie.de\/index.php\/2018\/12\/18\/inm-management-update-2018-12\/"]}]},{"@type":"ImageObject","inLanguage":"de","@id":"https:\/\/blog.klimastrategie.de\/index.php\/2018\/12\/18\/inm-management-update-2018-12\/#primaryimage","url":"https:\/\/blog.klimastrategie.de\/wp-content\/uploads\/2018\/12\/INM_Management_App_130_Status_der_Ablesung.png","contentUrl":"https:\/\/blog.klimastrategie.de\/wp-content\/uploads\/2018\/12\/INM_Management_App_130_Status_der_Ablesung.png","width":540,"height":880,"caption":"Verschiedene Indikatoren geben Aufschluss \u00fcber die Lizenz des Untersuchungsraums sowie die Berechtigung auf den jeweiligen Gemeindeteil oder das Geb\u00e4ude. Beim Z\u00e4hler wird der Status der Ablesung visualisiert."},{"@type":"BreadcrumbList","@id":"https:\/\/blog.klimastrategie.de\/index.php\/2018\/12\/18\/inm-management-update-2018-12\/#breadcrumb","itemListElement":[{"@type":"ListItem","position":1,"name":"Startseite","item":"https:\/\/blog.klimastrategie.de\/"},{"@type":"ListItem","position":2,"name":"INM Management Update 2018.12"}]},{"@type":"WebSite","@id":"https:\/\/blog.klimastrategie.de\/#website","url":"https:\/\/blog.klimastrategie.de\/","name":"INM kommunale Klimastrategie Blog","description":"Kommunales Energie- und Klimamanagement aus einer Hand","publisher":{"@id":"https:\/\/blog.klimastrategie.de\/#organization"},"potentialAction":[{"@type":"SearchAction","target":{"@type":"EntryPoint","urlTemplate":"https:\/\/blog.klimastrategie.de\/?s={search_term_string}"},"query-input":{"@type":"PropertyValueSpecification","valueRequired":true,"valueName":"search_term_string"}}],"inLanguage":"de"},{"@type":"Organization","@id":"https:\/\/blog.klimastrategie.de\/#organization","name":"INM Institut f\u00fcr Nachhaltigkeitsmanagement GmbH","url":"https:\/\/blog.klimastrategie.de\/","logo":{"@type":"ImageObject","inLanguage":"de","@id":"https:\/\/blog.klimastrategie.de\/#\/schema\/logo\/image\/","url":"https:\/\/blog.klimastrategie.de\/wp-content\/uploads\/2017\/04\/logo_small.png","contentUrl":"https:\/\/blog.klimastrategie.de\/wp-content\/uploads\/2017\/04\/logo_small.png","width":236,"height":50,"caption":"INM Institut f\u00fcr Nachhaltigkeitsmanagement GmbH"},"image":{"@id":"https:\/\/blog.klimastrategie.de\/#\/schema\/logo\/image\/"},"sameAs":["https:\/\/www.facebook.com\/klimastrategie","https:\/\/www.linkedin.com\/company\/inm-institut"]},{"@type":"Person","@id":"https:\/\/blog.klimastrategie.de\/#\/schema\/person\/6da649177508393716a352870559a74c","name":"J\u00f6rg L\u00e4ssig","image":{"@type":"ImageObject","inLanguage":"de","@id":"https:\/\/blog.klimastrategie.de\/wp-content\/uploads\/2016\/01\/laessig-150x143.jpg","url":"https:\/\/blog.klimastrategie.de\/wp-content\/uploads\/2016\/01\/laessig-150x143.jpg","contentUrl":"https:\/\/blog.klimastrategie.de\/wp-content\/uploads\/2016\/01\/laessig-150x143.jpg","caption":"J\u00f6rg L\u00e4ssig"},"description":"J\u00f6rg L\u00e4ssig ist Professor f\u00fcr die Entwicklung von Unternehmensanwendungen an der Hochschule Zittau\/G\u00f6rlitz. Er besch\u00e4ftigt sich mit der Konzeptionierung und Entwicklung wirtschaftsnaher IT-Anwendungen und -Technologien. Dabei wird der IT-Einsatz insbesondere unter dem Gesichtspunkt der Nachhaltigkeit untersucht. Mit seinem Forschungsteam untersucht er neue Entwicklungen, um diese zeitnah als L\u00f6sung f\u00fcr Sie zur Verf\u00fcgung zu stellen.","sameAs":["http:\/\/www.klimastrategie.de"],"url":"https:\/\/blog.klimastrategie.de\/index.php\/author\/jlaessig\/"}]}},"_links":{"self":[{"href":"https:\/\/blog.klimastrategie.de\/index.php\/wp-json\/wp\/v2\/posts\/554","targetHints":{"allow":["GET"]}}],"collection":[{"href":"https:\/\/blog.klimastrategie.de\/index.php\/wp-json\/wp\/v2\/posts"}],"about":[{"href":"https:\/\/blog.klimastrategie.de\/index.php\/wp-json\/wp\/v2\/types\/post"}],"author":[{"embeddable":true,"href":"https:\/\/blog.klimastrategie.de\/index.php\/wp-json\/wp\/v2\/users\/3"}],"replies":[{"embeddable":true,"href":"https:\/\/blog.klimastrategie.de\/index.php\/wp-json\/wp\/v2\/comments?post=554"}],"version-history":[{"count":51,"href":"https:\/\/blog.klimastrategie.de\/index.php\/wp-json\/wp\/v2\/posts\/554\/revisions"}],"predecessor-version":[{"id":1054,"href":"https:\/\/blog.klimastrategie.de\/index.php\/wp-json\/wp\/v2\/posts\/554\/revisions\/1054"}],"wp:featuredmedia":[{"embeddable":true,"href":"https:\/\/blog.klimastrategie.de\/index.php\/wp-json\/wp\/v2\/media\/610"}],"wp:attachment":[{"href":"https:\/\/blog.klimastrategie.de\/index.php\/wp-json\/wp\/v2\/media?parent=554"}],"wp:term":[{"taxonomy":"category","embeddable":true,"href":"https:\/\/blog.klimastrategie.de\/index.php\/wp-json\/wp\/v2\/categories?post=554"},{"taxonomy":"post_tag","embeddable":true,"href":"https:\/\/blog.klimastrategie.de\/index.php\/wp-json\/wp\/v2\/tags?post=554"}],"curies":[{"name":"wp","href":"https:\/\/api.w.org\/{rel}","templated":true}]}}