{"id":474,"date":"2018-06-10T13:17:12","date_gmt":"2018-06-10T11:17:12","guid":{"rendered":"https:\/\/blog.klimastrategie.de\/?p=474"},"modified":"2018-07-01T14:44:17","modified_gmt":"2018-07-01T12:44:17","slug":"inm-management-update-2018-06","status":"publish","type":"post","link":"https:\/\/blog.klimastrategie.de\/index.php\/2018\/06\/10\/inm-management-update-2018-06\/","title":{"rendered":"INM Management Update 2018.06"},"content":{"rendered":"<p>Neben einer Rei\u00adhe von Ver\u00adbes\u00adse\u00adrun\u00adgen, bei\u00adspiels\u00adwei\u00adse hin\u00adsicht\u00adlich der Wet\u00adter\u00adda\u00adten,&nbsp;der Geb\u00e4u\u00adde\u00adver\u00adwal\u00adtung und der Ein\u00adf\u00fch\u00adrung einer Schnell\u00adstar\u00adter-Map\u00adpe, lag der Fokus unse\u00adrer neu\u00ades\u00adten Ent\u00adwick\u00adlun\u00adgen auf der <strong>Ein\u00adrich\u00adtung von Ergeb\u00adnis\u00adbe\u00adrich\u00adten im Word-For\u00admat<\/strong>. W\u00e4h\u00adrend es bis zum aktu\u00adells\u00adten <strong>INM Manage\u00adment Update 2018.06<\/strong> ledig\u00adlich m\u00f6g\u00adlich war, Berich\u00adte als PDF-Datei zu gene\u00adrie\u00adren, erm\u00f6g\u00adlicht Ihnen das neue Fea\u00adture die <strong>indi\u00advi\u00addu\u00adel\u00adle Anpas\u00adsung<\/strong> im Nachgang.&nbsp;<!--more--><\/p>\n<h2>Ergebnisberichte im Word-Format<\/h2>\n<p>Bei der Ent\u00adwick\u00adlung war es uns beson\u00adders wich\u00adtig, die <strong>Qua\u00adli\u00adt\u00e4t des Lay\u00adouts und des Designs<\/strong> der bis\u00adhe\u00adri\u00adgen Berich\u00adte bei\u00adzu\u00adbe\u00adhal\u00adten, Ihnen aber gleich\u00adzei\u00adtig auch eine <strong>voll\u00adst\u00e4n\u00addi\u00adge Anpass\u00adbar\u00adkeit<\/strong> bie\u00adten zu k\u00f6n\u00adnen. Die erstell\u00adten Dia\u00adgram\u00adme wer\u00adden dank des aktu\u00adells\u00adten Updates im Word-Doku\u00adment nicht nur als Bil\u00adder dar\u00adge\u00adstellt, wie es bei eini\u00adgen Mit\u00adbe\u00adwer\u00adbern der Fall ist, son\u00addern als \u00abrich\u00adti\u00adge\u00bb Dia\u00adgram\u00adme dar\u00adge\u00adstellt, die indi\u00advi\u00addu\u00adell ange\u00adpasst wer\u00adden k\u00f6n\u00adnen. Somit haben Sie die M\u00f6g\u00adlich\u00adkeit, die visua\u00adli\u00adsier\u00adte Daten\u00adba\u00adsis zu bear\u00adbei\u00adten oder ein\u00adzel\u00adne Daten hinzuzuf\u00fcgen.<\/p>\n<figure id=\"attachment_482\" aria-describedby=\"caption-attachment-482\" style=\"width: 414px\" class=\"wp-caption aligncenter\"><a href=\"https:\/\/blog.klimastrategie.de\/wp-content\/uploads\/2018\/06\/NM_Management_201806_Wordberichte_bearbeiten.png\"><img loading=\"lazy\" decoding=\"async\" class=\"wp-image-482\" style=\"border: 1px solid #c0c0c0;\" src=\"https:\/\/blog.klimastrategie.de\/wp-content\/uploads\/2018\/06\/NM_Management_201806_Wordberichte_bearbeiten-300x242.png\" alt width=\"414\" height=\"334\" srcset=\"https:\/\/blog.klimastrategie.de\/wp-content\/uploads\/2018\/06\/NM_Management_201806_Wordberichte_bearbeiten-300x242.png 300w, https:\/\/blog.klimastrategie.de\/wp-content\/uploads\/2018\/06\/NM_Management_201806_Wordberichte_bearbeiten-768x619.png 768w, https:\/\/blog.klimastrategie.de\/wp-content\/uploads\/2018\/06\/NM_Management_201806_Wordberichte_bearbeiten.png 919w\" sizes=\"auto, (max-width: 414px) 100vw, 414px\"><\/a><figcaption id=\"caption-attachment-482\" class=\"wp-caption-text\">Wenn Sie die Doku\u00admen\u00adte im Word-For\u00admat her\u00adun\u00adter\u00adla\u00adden, haben Sie die M\u00f6g\u00adlich\u00adkeit, an belie\u00adbi\u00adgen Stel\u00adlen Erl\u00e4u\u00adte\u00adrun\u00adgen hin\u00adzu\u00adzu\u00adf\u00fc\u00adgen. Selbst Dia\u00adgram\u00adme sind um wei\u00adte\u00adre Daten\u00adrei\u00adhen erg\u00e4nzbar.<\/figcaption><\/figure>\n<p>Die Ergeb\u00adnis\u00addis\u00adkus\u00adsi\u00adon am Ende eines jeden Berichts wird wei\u00adter\u00adhin als sepa\u00adra\u00adtes Kapi\u00adtel bestehen blei\u00adben, wur\u00adde aber um eini\u00adge Neue\u00adrun\u00adgen erwei\u00adtert. Sie tra\u00adgen die Anmer\u00adkun\u00adgen ab jetzt nicht mehr nur in ein Text\u00adfeld ein, son\u00addern k\u00f6n\u00adnen erwei\u00adter\u00adte For\u00adma\u00adtie\u00adrungs\u00adm\u00f6g\u00adlich\u00adkei\u00adten nut\u00adzen, um die Aus\u00adwer\u00adtung so indi\u00advi\u00addu\u00adell und \u00fcber\u00adsicht\u00adlich wie m\u00f6g\u00adlich gestal\u00adten zu k\u00f6n\u00adnen. Auch f\u00fcr die inter\u00adne Wei\u00adter\u00adent\u00adwick\u00adlung haben wir uns die Erkennt\u00adnis\u00adse der letz\u00adten Jah\u00adre zu Nut\u00adzen gemacht und die Ent\u00adwick\u00adlungs\u00adum\u00adge\u00adbung f\u00fcr die Word-Berich\u00adte voll\u00adst\u00e4n\u00addig neu ent\u00adwi\u00adckelt, wel\u00adche uns neue M\u00f6g\u00adlich\u00adkei\u00adten er\u00f6ff\u00adnet. Sei\u00aden Sie also auf wei\u00adte\u00adre Updates gespannt! F\u00fcr Feed\u00adback und Hin\u00adwei\u00adse zu unse\u00adren neu\u00aden Word-Berich\u00adten ste\u00adhen wir Ihnen selbst\u00adver\u00adst\u00e4nd\u00adlich gern zur Verf\u00fcgung.<\/p>\n<figure id=\"attachment_483\" aria-describedby=\"caption-attachment-483\" style=\"width: 419px\" class=\"wp-caption aligncenter\"><a href=\"https:\/\/blog.klimastrategie.de\/wp-content\/uploads\/2018\/06\/NM_Management_201806_Wordberichte_erstellen.png\"><img loading=\"lazy\" decoding=\"async\" class=\"wp-image-483\" style=\"border: 1px solid #c0c0c0;\" src=\"https:\/\/blog.klimastrategie.de\/wp-content\/uploads\/2018\/06\/NM_Management_201806_Wordberichte_erstellen-300x186.png\" alt width=\"419\" height=\"260\" srcset=\"https:\/\/blog.klimastrategie.de\/wp-content\/uploads\/2018\/06\/NM_Management_201806_Wordberichte_erstellen-300x186.png 300w, https:\/\/blog.klimastrategie.de\/wp-content\/uploads\/2018\/06\/NM_Management_201806_Wordberichte_erstellen-768x475.png 768w, https:\/\/blog.klimastrategie.de\/wp-content\/uploads\/2018\/06\/NM_Management_201806_Wordberichte_erstellen.png 861w\" sizes=\"auto, (max-width: 419px) 100vw, 419px\"><\/a><figcaption id=\"caption-attachment-483\" class=\"wp-caption-text\">F\u00fcr die Ergeb\u00adnis\u00addis\u00adkus\u00adsi\u00adon haben Sie ab sofort die M\u00f6g\u00adlich\u00adkeit, erwei\u00adter\u00adte For\u00adma\u00adtie\u00adrungs\u00adfunk\u00adtio\u00adnen zu nut\u00adzen. So k\u00f6n\u00adnen Sie noch detail\u00adlier\u00adter gewis\u00adse Beson\u00adder\u00adhei\u00adten hervorheben.<\/figcaption><\/figure>\n<h2>Einf\u00fchrung einer Schnellstarter-Mappe<\/h2>\n<p>Zur Ein\u00adrich\u00adtung von INM Manage\u00adment beim Start des soft\u00adware\u00adge\u00adst\u00fctz\u00adten Ener\u00adgie\u00adma\u00adnage\u00adments m\u00fcs\u00adsen eini\u00adge grund\u00adle\u00adgen\u00adde Daten in die Soft\u00adware \u00fcber\u00adf\u00fchrt wer\u00adden. Uns ist bewusst, dass die Beschaf\u00adfung die\u00adser Daten nicht immer leicht ist und schon gar nicht immer direkt am PC-Arbeits\u00adplatz erle\u00addigt wer\u00adden kann. Um Ihnen den Start zu ver\u00adein\u00adfa\u00adchen, haben wir aus die\u00adsem Grund ein <a href=\"https:\/\/management.klimastrategie.de\/internal\/gettingstarted\">Schnell\u00adstar\u00adter-Kit<\/a> ent\u00adwi\u00adckelt. Die\u00adses steht als PDF zur Ver\u00adf\u00fc\u00adgung, kann aus\u00adge\u00addruckt und vor Ort aus\u00adge\u00adf\u00fcllt wer\u00adden, und zwar dort, wo die Daten anfal\u00adlen bzw. beschafft wer\u00adden k\u00f6n\u00adnen. Sp\u00e4\u00adter k\u00f6n\u00adnen Sie die Daten aus dem aus\u00adge\u00adf\u00fcll\u00adten Doku\u00adment bequem in die Soft\u00adware \u00fcberf\u00fchren.<\/p>\n<p>Sie fin\u00adden das Schnell\u00adstar\u00adter-Kit im Dash\u00adboard von INM Manage\u00adment anstel\u00adle des l\u00e4ngst aus\u00adge\u00addien\u00adten Hand\u00adbu\u00adches. Dies haben wir vor eini\u00adger Zeit durch <a href=\"https:\/\/management.klimastrategie.de\/internal\/support\/faq\/index\">FAQ-Ein\u00adtr\u00e4\u00adge<\/a> ersetzt, die eine \u00dcber\u00adsicht der oft gestell\u00adten Fra\u00adgen bie\u00adten. Erg\u00e4n\u00adzend zum Schnell\u00adstar\u00adter-Kit erhal\u00adten Sie im FAQ unter dem Men\u00fc\u00adpunkt \u00abWie star\u00adte ich mit INM-Manage\u00adment?\u00bb auch eine Erl\u00e4u\u00adte\u00adrung der ein\u00adf\u00fch\u00adren\u00adden Schritte.<\/p>\n<h2>Aktualit\u00e4t der Daten zur Witterungsbereinigung<\/h2>\n<p>Bis\u00adher haben wir die Daten zur Wit\u00adte\u00adrungs\u00adbe\u00adrei\u00adni\u00adgung manu\u00adell ins Sys\u00adtem \u00fcber\u00adf\u00fchrt und waren von der Bereit\u00adstel\u00adlung von Dritt\u00adan\u00adbie\u00adtern abh\u00e4n\u00adgig. Dadurch kam es teil\u00adwei\u00adse zu l\u00e4n\u00adge\u00adren War\u00adte\u00adzei\u00adten, bis die Daten f\u00fcr Sie zur Ver\u00adf\u00fc\u00adgung stan\u00adden. Aus die\u00adsem Grund haben wir bereits vor ca. 3 Mona\u00adten einen selbst\u00adent\u00adwi\u00adckel\u00adten Wet\u00adter\u00adda\u00adten\u00addienst im Ein\u00adsatz, wel\u00adcher die Wet\u00adter\u00adda\u00adten t\u00e4g\u00adlich ver\u00adar\u00adbei\u00adtet und die zur Wit\u00adte\u00adrungs\u00adbe\u00adrei\u00adni\u00adgung not\u00adwen\u00addi\u00adgen Grad\u00adtags\u00adzah\u00adlen berech\u00adnet. Letz\u00adte\u00adre wer\u00adden dann in der Regel am 2. Tag des Monats in INM Manage\u00adment \u00fcber\u00adf\u00fchrt. Unser Sys\u00adtem ver\u00adar\u00adbei\u00adtet somit auto\u00adma\u00adti\u00adsiert die Daten von \u00fcber 1000 Wet\u00adter\u00adsta\u00adtio\u00adnen inner\u00adhalb Deutsch\u00adlands. Die Ein\u00adbin\u00addung und Frei\u00adschal\u00adtung bis\u00adher noch nicht hin\u00adzu\u00adge\u00adf\u00fcg\u00adter Wet\u00adter\u00adsta\u00adtio\u00adnen erfolgt dann in k\u00fcnf\u00adti\u00adgen Updates. Auf Ihre Anfra\u00adge per Sup\u00adport oder Mail hin, pr\u00fc\u00adfen wir aber gern auch vor\u00adab ande\u00adre Wet\u00adter\u00adsta\u00adtio\u00adnen und schal\u00adten die\u00adse nach M\u00f6g\u00adlich\u00adkeit zeit\u00adnah&nbsp;frei!<\/p>\n<h2>Weitere Neuerungen<\/h2>\n<p>Au\u00dfer\u00addem haben wir an klei\u00adne\u00adren Detail\u00adver\u00adbes\u00adse\u00adrun\u00adgen gear\u00adbei\u00adtet. Durch das INM Update 2018.06 ist es nun m\u00f6g\u00adlich, Geb\u00e4u\u00adde zwi\u00adschen Gemein\u00adde\u00adtei\u00adlen selbst\u00adst\u00e4n\u00addig zu ver\u00adschie\u00adben. Die\u00adse Funk\u00adtio\u00adna\u00adli\u00adt\u00e4t fin\u00adden Sie im Bear\u00adbei\u00adten-Dia\u00adlog des jewei\u00adli\u00adgen Geb\u00e4udes.<\/p>\n<figure id=\"attachment_484\" aria-describedby=\"caption-attachment-484\" style=\"width: 253px\" class=\"wp-caption aligncenter\"><a href=\"https:\/\/blog.klimastrategie.de\/wp-content\/uploads\/2018\/06\/NM_Management_201806_Z\u00e4hlerstandort_in_App_anzeigen.png\"><img loading=\"lazy\" decoding=\"async\" class=\"wp-image-484\" style=\"border: 1px solid #c0c0c0;\" src=\"https:\/\/blog.klimastrategie.de\/wp-content\/uploads\/2018\/06\/NM_Management_201806_Z\u00e4hlerstandort_in_App_anzeigen-169x300.png\" alt width=\"253\" height=\"449\" srcset=\"https:\/\/blog.klimastrategie.de\/wp-content\/uploads\/2018\/06\/NM_Management_201806_Z\u00e4hlerstandort_in_App_anzeigen-169x300.png 169w, https:\/\/blog.klimastrategie.de\/wp-content\/uploads\/2018\/06\/NM_Management_201806_Z\u00e4hlerstandort_in_App_anzeigen.png 540w\" sizes=\"auto, (max-width: 253px) 100vw, 253px\"><\/a><figcaption id=\"caption-attachment-484\" class=\"wp-caption-text\">In eini\u00adgen Wochen wird eben\u00adso eine neue Ver\u00adsi\u00adon unse\u00adrer Smart\u00adphone App mit vie\u00adlen Ver\u00adbes\u00adse\u00adrun\u00adgen ver\u00ad\u00f6f\u00adfent\u00adlicht. Unter ande\u00adrem k\u00f6n\u00adnen Sie Infor\u00adma\u00adtio\u00adnen zum Z\u00e4h\u00adler\u00adstand\u00adort anzei\u00adgen las\u00adsen, wel\u00adche bereits mit dem aktu\u00adel\u00adlen Update von INM Manage\u00adment beim jewei\u00adli\u00adgen Z\u00e4h\u00adler hin\u00adter\u00adlegt wer\u00adden k\u00f6nnen.<\/figcaption><\/figure>\n<p>Als wei\u00adte\u00adre Neue\u00adrung gibt es im Sys\u00adtem zur Z\u00e4h\u00adler\u00adver\u00adwal\u00adtung ein Ein\u00adga\u00adbe\u00adfeld, in wel\u00adchem Hin\u00adwei\u00adse zum Z\u00e4h\u00adler\u00adstand\u00adort ange\u00adge\u00adben wer\u00adden k\u00f6n\u00adnen. Dies ver\u00adein\u00adfacht Ihnen bei der Able\u00adsung vor Ort die Suche und wird in der Smart\u00adphone App ab dem kom\u00admen\u00adden Release in ca. 3 Wochen zur Ver\u00adf\u00fc\u00adgung stehen.<br>\nSoll\u00adten Sie wei\u00adte\u00adre Anre\u00adgun\u00adgen und Hin\u00adwei\u00adse haben, um unser Sys\u00adtem zu ver\u00adbes\u00adsern, freu\u00aden wir uns stets \u00fcber Ihre Mail an kontakt@klimastrategie.de. Alter\u00adna\u00adtiv k\u00f6n\u00adnen Sie auch gern die inter\u00adne <a href=\"https:\/\/management.klimastrategie.de\/internal\/support\/contact\">Sup\u00adport\u00adan\u00adfra\u00adge<\/a> im Sys\u00adtem nutzen.<\/p>\n","protected":false},"excerpt":{"rendered":"<p>Neben einer Rei\u00adhe von Ver\u00adbes\u00adse\u00adrun\u00adgen, bei\u00adspiels\u00adwei\u00adse hin\u00adsicht\u00adlich der Wet\u00adter\u00adda\u00adten,&nbsp;der Geb\u00e4u\u00adde\u00adver\u00adwal\u00adtung und der Ein\u00adf\u00fch\u00adrung einer Schnel\u00adl\u00adstar\u00ad\u00adter-Map\u00ad\u00adpe, lag der Fokus unse\u00adrer neu\u00ades\u00adten Ent\u00adwick\u00adlun\u00adgen auf der Ein\u00adrich\u00adtung von Ergeb\u00adnis\u00adbe\u00adrich\u00adten im Word-For\u00ad\u00admat. W\u00e4h\u00adrend&nbsp;es\u2026<\/p>\n","protected":false},"author":3,"featured_media":482,"comment_status":"open","ping_status":"open","sticky":false,"template":"","format":"standard","meta":{"inline_featured_image":false,"wp_typography_post_enhancements_disabled":false,"footnotes":""},"categories":[7,3],"tags":[],"class_list":["post-474","post","type-post","status-publish","format-standard","has-post-thumbnail","hentry","category-inm-management","category-produkte","entry"],"yoast_head":"<!-- This site is optimized with the Yoast SEO plugin v27.5 - https:\/\/yoast.com\/product\/yoast-seo-wordpress\/ -->\n<title>INM Management Update 2018.06 - INM kommunale Klimastrategie Blog<\/title>\n<meta name=\"robots\" content=\"index, follow, max-snippet:-1, max-image-preview:large, max-video-preview:-1\" \/>\n<link rel=\"canonical\" href=\"https:\/\/blog.klimastrategie.de\/index.php\/2018\/06\/10\/inm-management-update-2018-06\/\" \/>\n<meta property=\"og:locale\" content=\"de_DE\" \/>\n<meta property=\"og:type\" content=\"article\" \/>\n<meta property=\"og:title\" content=\"INM Management Update 2018.06 - INM kommunale Klimastrategie Blog\" \/>\n<meta property=\"og:description\" content=\"Neben einer Rei\u00adhe von Ver\u00adbes\u00adse\u00adrun\u00adgen, bei\u00adspiels\u00adwei\u00adse hin\u00adsicht\u00adlich der Wet\u00adter\u00adda\u00adten,&nbsp;der Geb\u00e4u\u00adde\u00adver\u00adwal\u00adtung und der Ein\u00adf\u00fch\u00adrung einer Schnell\u00adstar\u00adter-Map\u00adpe, lag der Fokus unse\u00adrer neu\u00ades\u00adten Ent\u00adwick\u00adlun\u00adgen auf der Ein\u00adrich\u00adtung von Ergeb\u00adnis\u00adbe\u00adrich\u00adten im Word-For\u00admat. W\u00e4h\u00adrend es&#8230;\" \/>\n<meta property=\"og:url\" content=\"https:\/\/blog.klimastrategie.de\/index.php\/2018\/06\/10\/inm-management-update-2018-06\/\" \/>\n<meta property=\"og:site_name\" content=\"INM kommunale Klimastrategie Blog\" \/>\n<meta property=\"article:publisher\" content=\"https:\/\/www.facebook.com\/klimastrategie\" \/>\n<meta property=\"article:published_time\" content=\"2018-06-10T11:17:12+00:00\" \/>\n<meta property=\"article:modified_time\" content=\"2018-07-01T12:44:17+00:00\" \/>\n<meta property=\"og:image\" content=\"https:\/\/blog.klimastrategie.de\/wp-content\/uploads\/2018\/06\/NM_Management_201806_Wordberichte_bearbeiten.png\" \/>\n\t<meta property=\"og:image:width\" content=\"919\" \/>\n\t<meta property=\"og:image:height\" content=\"741\" \/>\n\t<meta property=\"og:image:type\" content=\"image\/png\" \/>\n<meta name=\"author\" content=\"J\u00f6rg L\u00e4ssig\" \/>\n<meta name=\"twitter:card\" content=\"summary_large_image\" \/>\n<meta name=\"twitter:label1\" content=\"Verfasst von\" \/>\n\t<meta name=\"twitter:data1\" content=\"J\u00f6rg L\u00e4ssig\" \/>\n\t<meta name=\"twitter:label2\" content=\"Gesch\u00e4tzte Lesezeit\" \/>\n\t<meta name=\"twitter:data2\" content=\"4\u00a0Minuten\" \/>\n<script type=\"application\/ld+json\" class=\"yoast-schema-graph\">{\"@context\":\"https:\\\/\\\/schema.org\",\"@graph\":[{\"@type\":\"Article\",\"@id\":\"https:\\\/\\\/blog.klimastrategie.de\\\/index.php\\\/2018\\\/06\\\/10\\\/inm-management-update-2018-06\\\/#article\",\"isPartOf\":{\"@id\":\"https:\\\/\\\/blog.klimastrategie.de\\\/index.php\\\/2018\\\/06\\\/10\\\/inm-management-update-2018-06\\\/\"},\"author\":{\"name\":\"J\u00f6rg L\u00e4ssig\",\"@id\":\"https:\\\/\\\/blog.klimastrategie.de\\\/#\\\/schema\\\/person\\\/6da649177508393716a352870559a74c\"},\"headline\":\"INM Management Update 2018.06\",\"datePublished\":\"2018-06-10T11:17:12+00:00\",\"dateModified\":\"2018-07-01T12:44:17+00:00\",\"mainEntityOfPage\":{\"@id\":\"https:\\\/\\\/blog.klimastrategie.de\\\/index.php\\\/2018\\\/06\\\/10\\\/inm-management-update-2018-06\\\/\"},\"wordCount\":806,\"commentCount\":0,\"publisher\":{\"@id\":\"https:\\\/\\\/blog.klimastrategie.de\\\/#organization\"},\"image\":{\"@id\":\"https:\\\/\\\/blog.klimastrategie.de\\\/index.php\\\/2018\\\/06\\\/10\\\/inm-management-update-2018-06\\\/#primaryimage\"},\"thumbnailUrl\":\"https:\\\/\\\/blog.klimastrategie.de\\\/wp-content\\\/uploads\\\/2018\\\/06\\\/NM_Management_201806_Wordberichte_bearbeiten.png\",\"articleSection\":[\"INM Management\",\"Produkte\"],\"inLanguage\":\"de\"},{\"@type\":\"WebPage\",\"@id\":\"https:\\\/\\\/blog.klimastrategie.de\\\/index.php\\\/2018\\\/06\\\/10\\\/inm-management-update-2018-06\\\/\",\"url\":\"https:\\\/\\\/blog.klimastrategie.de\\\/index.php\\\/2018\\\/06\\\/10\\\/inm-management-update-2018-06\\\/\",\"name\":\"INM Management Update 2018.06 - INM kommunale Klimastrategie Blog\",\"isPartOf\":{\"@id\":\"https:\\\/\\\/blog.klimastrategie.de\\\/#website\"},\"primaryImageOfPage\":{\"@id\":\"https:\\\/\\\/blog.klimastrategie.de\\\/index.php\\\/2018\\\/06\\\/10\\\/inm-management-update-2018-06\\\/#primaryimage\"},\"image\":{\"@id\":\"https:\\\/\\\/blog.klimastrategie.de\\\/index.php\\\/2018\\\/06\\\/10\\\/inm-management-update-2018-06\\\/#primaryimage\"},\"thumbnailUrl\":\"https:\\\/\\\/blog.klimastrategie.de\\\/wp-content\\\/uploads\\\/2018\\\/06\\\/NM_Management_201806_Wordberichte_bearbeiten.png\",\"datePublished\":\"2018-06-10T11:17:12+00:00\",\"dateModified\":\"2018-07-01T12:44:17+00:00\",\"breadcrumb\":{\"@id\":\"https:\\\/\\\/blog.klimastrategie.de\\\/index.php\\\/2018\\\/06\\\/10\\\/inm-management-update-2018-06\\\/#breadcrumb\"},\"inLanguage\":\"de\",\"potentialAction\":[{\"@type\":\"ReadAction\",\"target\":[\"https:\\\/\\\/blog.klimastrategie.de\\\/index.php\\\/2018\\\/06\\\/10\\\/inm-management-update-2018-06\\\/\"]}]},{\"@type\":\"ImageObject\",\"inLanguage\":\"de\",\"@id\":\"https:\\\/\\\/blog.klimastrategie.de\\\/index.php\\\/2018\\\/06\\\/10\\\/inm-management-update-2018-06\\\/#primaryimage\",\"url\":\"https:\\\/\\\/blog.klimastrategie.de\\\/wp-content\\\/uploads\\\/2018\\\/06\\\/NM_Management_201806_Wordberichte_bearbeiten.png\",\"contentUrl\":\"https:\\\/\\\/blog.klimastrategie.de\\\/wp-content\\\/uploads\\\/2018\\\/06\\\/NM_Management_201806_Wordberichte_bearbeiten.png\",\"width\":919,\"height\":741},{\"@type\":\"BreadcrumbList\",\"@id\":\"https:\\\/\\\/blog.klimastrategie.de\\\/index.php\\\/2018\\\/06\\\/10\\\/inm-management-update-2018-06\\\/#breadcrumb\",\"itemListElement\":[{\"@type\":\"ListItem\",\"position\":1,\"name\":\"Startseite\",\"item\":\"https:\\\/\\\/blog.klimastrategie.de\\\/\"},{\"@type\":\"ListItem\",\"position\":2,\"name\":\"INM Management Update 2018.06\"}]},{\"@type\":\"WebSite\",\"@id\":\"https:\\\/\\\/blog.klimastrategie.de\\\/#website\",\"url\":\"https:\\\/\\\/blog.klimastrategie.de\\\/\",\"name\":\"INM kommunale Klimastrategie Blog\",\"description\":\"Kommunales Energie- und Klimamanagement aus einer Hand\",\"publisher\":{\"@id\":\"https:\\\/\\\/blog.klimastrategie.de\\\/#organization\"},\"potentialAction\":[{\"@type\":\"SearchAction\",\"target\":{\"@type\":\"EntryPoint\",\"urlTemplate\":\"https:\\\/\\\/blog.klimastrategie.de\\\/?s={search_term_string}\"},\"query-input\":{\"@type\":\"PropertyValueSpecification\",\"valueRequired\":true,\"valueName\":\"search_term_string\"}}],\"inLanguage\":\"de\"},{\"@type\":\"Organization\",\"@id\":\"https:\\\/\\\/blog.klimastrategie.de\\\/#organization\",\"name\":\"INM Institut f\u00fcr Nachhaltigkeitsmanagement GmbH\",\"url\":\"https:\\\/\\\/blog.klimastrategie.de\\\/\",\"logo\":{\"@type\":\"ImageObject\",\"inLanguage\":\"de\",\"@id\":\"https:\\\/\\\/blog.klimastrategie.de\\\/#\\\/schema\\\/logo\\\/image\\\/\",\"url\":\"https:\\\/\\\/blog.klimastrategie.de\\\/wp-content\\\/uploads\\\/2017\\\/04\\\/logo_small.png\",\"contentUrl\":\"https:\\\/\\\/blog.klimastrategie.de\\\/wp-content\\\/uploads\\\/2017\\\/04\\\/logo_small.png\",\"width\":236,\"height\":50,\"caption\":\"INM Institut f\u00fcr Nachhaltigkeitsmanagement GmbH\"},\"image\":{\"@id\":\"https:\\\/\\\/blog.klimastrategie.de\\\/#\\\/schema\\\/logo\\\/image\\\/\"},\"sameAs\":[\"https:\\\/\\\/www.facebook.com\\\/klimastrategie\",\"https:\\\/\\\/www.linkedin.com\\\/company\\\/inm-institut\"]},{\"@type\":\"Person\",\"@id\":\"https:\\\/\\\/blog.klimastrategie.de\\\/#\\\/schema\\\/person\\\/6da649177508393716a352870559a74c\",\"name\":\"J\u00f6rg L\u00e4ssig\",\"image\":{\"@type\":\"ImageObject\",\"inLanguage\":\"de\",\"@id\":\"https:\\\/\\\/blog.klimastrategie.de\\\/wp-content\\\/uploads\\\/2016\\\/01\\\/laessig-150x143.jpg\",\"url\":\"https:\\\/\\\/blog.klimastrategie.de\\\/wp-content\\\/uploads\\\/2016\\\/01\\\/laessig-150x143.jpg\",\"contentUrl\":\"https:\\\/\\\/blog.klimastrategie.de\\\/wp-content\\\/uploads\\\/2016\\\/01\\\/laessig-150x143.jpg\",\"caption\":\"J\u00f6rg L\u00e4ssig\"},\"description\":\"J\u00f6rg L\u00e4ssig ist Professor f\u00fcr die Entwicklung von Unternehmensanwendungen an der Hochschule Zittau\\\/G\u00f6rlitz. Er besch\u00e4ftigt sich mit der Konzeptionierung und Entwicklung wirtschaftsnaher IT-Anwendungen und -Technologien. Dabei wird der IT-Einsatz insbesondere unter dem Gesichtspunkt der Nachhaltigkeit untersucht. Mit seinem Forschungsteam untersucht er neue Entwicklungen, um diese zeitnah als L\u00f6sung f\u00fcr Sie zur Verf\u00fcgung zu stellen.\",\"sameAs\":[\"http:\\\/\\\/www.klimastrategie.de\"],\"url\":\"https:\\\/\\\/blog.klimastrategie.de\\\/index.php\\\/author\\\/jlaessig\\\/\"}]}<\/script>\n<!-- \/ Yoast SEO plugin. -->","yoast_head_json":{"title":"INM Management Update 2018.06 - INM kommunale Klimastrategie Blog","robots":{"index":"index","follow":"follow","max-snippet":"max-snippet:-1","max-image-preview":"max-image-preview:large","max-video-preview":"max-video-preview:-1"},"canonical":"https:\/\/blog.klimastrategie.de\/index.php\/2018\/06\/10\/inm-management-update-2018-06\/","og_locale":"de_DE","og_type":"article","og_title":"INM Management Update 2018.06 - INM kommunale Klimastrategie Blog","og_description":"Neben einer Rei\u00adhe von Ver\u00adbes\u00adse\u00adrun\u00adgen, bei\u00adspiels\u00adwei\u00adse hin\u00adsicht\u00adlich der Wet\u00adter\u00adda\u00adten,&nbsp;der Geb\u00e4u\u00adde\u00adver\u00adwal\u00adtung und der Ein\u00adf\u00fch\u00adrung einer Schnell\u00adstar\u00adter-Map\u00adpe, lag der Fokus unse\u00adrer neu\u00ades\u00adten Ent\u00adwick\u00adlun\u00adgen auf der Ein\u00adrich\u00adtung von Ergeb\u00adnis\u00adbe\u00adrich\u00adten im Word-For\u00admat. W\u00e4h\u00adrend es&#8230;","og_url":"https:\/\/blog.klimastrategie.de\/index.php\/2018\/06\/10\/inm-management-update-2018-06\/","og_site_name":"INM kommunale Klimastrategie Blog","article_publisher":"https:\/\/www.facebook.com\/klimastrategie","article_published_time":"2018-06-10T11:17:12+00:00","article_modified_time":"2018-07-01T12:44:17+00:00","og_image":[{"width":919,"height":741,"url":"https:\/\/blog.klimastrategie.de\/wp-content\/uploads\/2018\/06\/NM_Management_201806_Wordberichte_bearbeiten.png","type":"image\/png"}],"author":"J\u00f6rg L\u00e4ssig","twitter_card":"summary_large_image","twitter_misc":{"Verfasst von":"J\u00f6rg L\u00e4ssig","Gesch\u00e4tzte Lesezeit":"4\u00a0Minuten"},"schema":{"@context":"https:\/\/schema.org","@graph":[{"@type":"Article","@id":"https:\/\/blog.klimastrategie.de\/index.php\/2018\/06\/10\/inm-management-update-2018-06\/#article","isPartOf":{"@id":"https:\/\/blog.klimastrategie.de\/index.php\/2018\/06\/10\/inm-management-update-2018-06\/"},"author":{"name":"J\u00f6rg L\u00e4ssig","@id":"https:\/\/blog.klimastrategie.de\/#\/schema\/person\/6da649177508393716a352870559a74c"},"headline":"INM Management Update 2018.06","datePublished":"2018-06-10T11:17:12+00:00","dateModified":"2018-07-01T12:44:17+00:00","mainEntityOfPage":{"@id":"https:\/\/blog.klimastrategie.de\/index.php\/2018\/06\/10\/inm-management-update-2018-06\/"},"wordCount":806,"commentCount":0,"publisher":{"@id":"https:\/\/blog.klimastrategie.de\/#organization"},"image":{"@id":"https:\/\/blog.klimastrategie.de\/index.php\/2018\/06\/10\/inm-management-update-2018-06\/#primaryimage"},"thumbnailUrl":"https:\/\/blog.klimastrategie.de\/wp-content\/uploads\/2018\/06\/NM_Management_201806_Wordberichte_bearbeiten.png","articleSection":["INM Management","Produkte"],"inLanguage":"de"},{"@type":"WebPage","@id":"https:\/\/blog.klimastrategie.de\/index.php\/2018\/06\/10\/inm-management-update-2018-06\/","url":"https:\/\/blog.klimastrategie.de\/index.php\/2018\/06\/10\/inm-management-update-2018-06\/","name":"INM Management Update 2018.06 - INM kommunale Klimastrategie Blog","isPartOf":{"@id":"https:\/\/blog.klimastrategie.de\/#website"},"primaryImageOfPage":{"@id":"https:\/\/blog.klimastrategie.de\/index.php\/2018\/06\/10\/inm-management-update-2018-06\/#primaryimage"},"image":{"@id":"https:\/\/blog.klimastrategie.de\/index.php\/2018\/06\/10\/inm-management-update-2018-06\/#primaryimage"},"thumbnailUrl":"https:\/\/blog.klimastrategie.de\/wp-content\/uploads\/2018\/06\/NM_Management_201806_Wordberichte_bearbeiten.png","datePublished":"2018-06-10T11:17:12+00:00","dateModified":"2018-07-01T12:44:17+00:00","breadcrumb":{"@id":"https:\/\/blog.klimastrategie.de\/index.php\/2018\/06\/10\/inm-management-update-2018-06\/#breadcrumb"},"inLanguage":"de","potentialAction":[{"@type":"ReadAction","target":["https:\/\/blog.klimastrategie.de\/index.php\/2018\/06\/10\/inm-management-update-2018-06\/"]}]},{"@type":"ImageObject","inLanguage":"de","@id":"https:\/\/blog.klimastrategie.de\/index.php\/2018\/06\/10\/inm-management-update-2018-06\/#primaryimage","url":"https:\/\/blog.klimastrategie.de\/wp-content\/uploads\/2018\/06\/NM_Management_201806_Wordberichte_bearbeiten.png","contentUrl":"https:\/\/blog.klimastrategie.de\/wp-content\/uploads\/2018\/06\/NM_Management_201806_Wordberichte_bearbeiten.png","width":919,"height":741},{"@type":"BreadcrumbList","@id":"https:\/\/blog.klimastrategie.de\/index.php\/2018\/06\/10\/inm-management-update-2018-06\/#breadcrumb","itemListElement":[{"@type":"ListItem","position":1,"name":"Startseite","item":"https:\/\/blog.klimastrategie.de\/"},{"@type":"ListItem","position":2,"name":"INM Management Update 2018.06"}]},{"@type":"WebSite","@id":"https:\/\/blog.klimastrategie.de\/#website","url":"https:\/\/blog.klimastrategie.de\/","name":"INM kommunale Klimastrategie Blog","description":"Kommunales Energie- und Klimamanagement aus einer Hand","publisher":{"@id":"https:\/\/blog.klimastrategie.de\/#organization"},"potentialAction":[{"@type":"SearchAction","target":{"@type":"EntryPoint","urlTemplate":"https:\/\/blog.klimastrategie.de\/?s={search_term_string}"},"query-input":{"@type":"PropertyValueSpecification","valueRequired":true,"valueName":"search_term_string"}}],"inLanguage":"de"},{"@type":"Organization","@id":"https:\/\/blog.klimastrategie.de\/#organization","name":"INM Institut f\u00fcr Nachhaltigkeitsmanagement GmbH","url":"https:\/\/blog.klimastrategie.de\/","logo":{"@type":"ImageObject","inLanguage":"de","@id":"https:\/\/blog.klimastrategie.de\/#\/schema\/logo\/image\/","url":"https:\/\/blog.klimastrategie.de\/wp-content\/uploads\/2017\/04\/logo_small.png","contentUrl":"https:\/\/blog.klimastrategie.de\/wp-content\/uploads\/2017\/04\/logo_small.png","width":236,"height":50,"caption":"INM Institut f\u00fcr Nachhaltigkeitsmanagement GmbH"},"image":{"@id":"https:\/\/blog.klimastrategie.de\/#\/schema\/logo\/image\/"},"sameAs":["https:\/\/www.facebook.com\/klimastrategie","https:\/\/www.linkedin.com\/company\/inm-institut"]},{"@type":"Person","@id":"https:\/\/blog.klimastrategie.de\/#\/schema\/person\/6da649177508393716a352870559a74c","name":"J\u00f6rg L\u00e4ssig","image":{"@type":"ImageObject","inLanguage":"de","@id":"https:\/\/blog.klimastrategie.de\/wp-content\/uploads\/2016\/01\/laessig-150x143.jpg","url":"https:\/\/blog.klimastrategie.de\/wp-content\/uploads\/2016\/01\/laessig-150x143.jpg","contentUrl":"https:\/\/blog.klimastrategie.de\/wp-content\/uploads\/2016\/01\/laessig-150x143.jpg","caption":"J\u00f6rg L\u00e4ssig"},"description":"J\u00f6rg L\u00e4ssig ist Professor f\u00fcr die Entwicklung von Unternehmensanwendungen an der Hochschule Zittau\/G\u00f6rlitz. Er besch\u00e4ftigt sich mit der Konzeptionierung und Entwicklung wirtschaftsnaher IT-Anwendungen und -Technologien. Dabei wird der IT-Einsatz insbesondere unter dem Gesichtspunkt der Nachhaltigkeit untersucht. Mit seinem Forschungsteam untersucht er neue Entwicklungen, um diese zeitnah als L\u00f6sung f\u00fcr Sie zur Verf\u00fcgung zu stellen.","sameAs":["http:\/\/www.klimastrategie.de"],"url":"https:\/\/blog.klimastrategie.de\/index.php\/author\/jlaessig\/"}]}},"_links":{"self":[{"href":"https:\/\/blog.klimastrategie.de\/index.php\/wp-json\/wp\/v2\/posts\/474","targetHints":{"allow":["GET"]}}],"collection":[{"href":"https:\/\/blog.klimastrategie.de\/index.php\/wp-json\/wp\/v2\/posts"}],"about":[{"href":"https:\/\/blog.klimastrategie.de\/index.php\/wp-json\/wp\/v2\/types\/post"}],"author":[{"embeddable":true,"href":"https:\/\/blog.klimastrategie.de\/index.php\/wp-json\/wp\/v2\/users\/3"}],"replies":[{"embeddable":true,"href":"https:\/\/blog.klimastrategie.de\/index.php\/wp-json\/wp\/v2\/comments?post=474"}],"version-history":[{"count":13,"href":"https:\/\/blog.klimastrategie.de\/index.php\/wp-json\/wp\/v2\/posts\/474\/revisions"}],"predecessor-version":[{"id":683,"href":"https:\/\/blog.klimastrategie.de\/index.php\/wp-json\/wp\/v2\/posts\/474\/revisions\/683"}],"wp:featuredmedia":[{"embeddable":true,"href":"https:\/\/blog.klimastrategie.de\/index.php\/wp-json\/wp\/v2\/media\/482"}],"wp:attachment":[{"href":"https:\/\/blog.klimastrategie.de\/index.php\/wp-json\/wp\/v2\/media?parent=474"}],"wp:term":[{"taxonomy":"category","embeddable":true,"href":"https:\/\/blog.klimastrategie.de\/index.php\/wp-json\/wp\/v2\/categories?post=474"},{"taxonomy":"post_tag","embeddable":true,"href":"https:\/\/blog.klimastrategie.de\/index.php\/wp-json\/wp\/v2\/tags?post=474"}],"curies":[{"name":"wp","href":"https:\/\/api.w.org\/{rel}","templated":true}]}}