{"id":167,"date":"2017-02-18T16:35:18","date_gmt":"2017-02-18T15:35:18","guid":{"rendered":"http:\/\/blog.klimastrategie.de\/?p=167"},"modified":"2018-07-01T14:50:28","modified_gmt":"2018-07-01T12:50:28","slug":"inm-klimastrategie-update-2017-02","status":"publish","type":"post","link":"https:\/\/blog.klimastrategie.de\/index.php\/2017\/02\/18\/inm-klimastrategie-update-2017-02\/","title":{"rendered":"INM Management Update 2017.02"},"content":{"rendered":"<p>Lie\u00adbe Nut\u00adze\u00adrin\u00adnen und Nut\u00adzer der INM kom\u00admu\u00adna\u00adlen Klimastrategie,<\/p>\n<p>wir freu\u00aden uns, Ihnen eine umfang\u00adrei\u00adche Aktua\u00adli\u00adsie\u00adrung unse\u00adres Diens\u00adtes INM Manage\u00adment vor\u00adstel\u00adlen zu k\u00f6n\u00adnen. Im Fokus der Aktua\u00adli\u00adsie\u00adrung stan\u00adden vor allem Funk\u00adtio\u00adnen im Bereich Z\u00e4h\u00adler, Z\u00e4h\u00adler-Manage\u00adment sowie ver\u00adschie\u00adde\u00adne Visua\u00adli\u00adsie\u00adrungs\u00adfunk\u00adtio\u00adnen in die\u00adsem Kontext.<\/p>\n<p>Zu den wich\u00adtigs\u00adten neu\u00aden Funk\u00adtio\u00adnen&nbsp;der kom\u00admen\u00adden Ver\u00adsi\u00adon 2017.02 z\u00e4hlen:<\/p>\n<p><!--more--><\/p>\n<ul>\n<li>(geb\u00e4u\u00adde\u00ad\u00fcber\u00adgrei\u00adfen\u00adde) vir\u00adtu\u00adel\u00adle Z\u00e4h\u00adler (Sum\u00admen\u00adz\u00e4h\u00adler, Dif\u00adfe\u00adrenz\u00adz\u00e4h\u00adler, Anteilsz\u00e4hler),<\/li>\n<li>Unter\u00adst\u00fct\u00adzung von Geb\u00e4u\u00adde\u00adan\u00adbau\u00adten, d. h. \u00c4nde\u00adrun\u00adgen der Brut\u00adto\u00adge\u00adschoss\u00adfl\u00e4\u00adche in bestehen\u00adden Geb\u00e4uden,<\/li>\n<li>Z\u00e4h\u00adler k\u00f6n\u00adnen auf Gemein\u00adde\u00adteil-Ebe\u00adne ver\u00adwal\u00adtet wer\u00adden, sodass nun bspw. auch von Geb\u00e4u\u00adden los\u00adge\u00adl\u00f6s\u00adte Objek\u00adte wie BHKW oder ande\u00adre Anla\u00adgen abge\u00adbil\u00addet wer\u00adden k\u00f6nnen,<\/li>\n<li>ein\u00adzel\u00adne Z\u00e4h\u00adler k\u00f6n\u00adnen aus dem Berichts\u00adwe\u00adsen aus\u00adge\u00adschlos\u00adsen oder durch vir\u00adtu\u00adel\u00adle Z\u00e4h\u00adler ersetzt wer\u00adden, was z. B. Kor\u00adrek\u00adtur\u00adrech\u00adnun\u00adgen erm\u00f6glicht,<\/li>\n<li>Inte\u00adgra\u00adti\u00adon einer neu\u00aden (expe\u00adri\u00admen\u00adtel\u00adlen) Z\u00e4hler\u00fcbersicht,<\/li>\n<li>Das bis\u00adhe\u00adri\u00adge star\u00adre Model zur Defi\u00adni\u00adti\u00adon von Selbst\u00ader\u00adzeu\u00adgungs\u00adan\u00adla\u00adgen wur\u00adde ent\u00adfernt, so dass die\u00adse nun frei defi\u00adniert wer\u00adden k\u00f6n\u00adnen. Z\u00e4h\u00adler f\u00fcr die Erzeu\u00adgung und Ein\u00adspei\u00adsung k\u00f6n\u00adnen \u00fcber den nor\u00adma\u00adlen Dia\u00adlog zum Hin\u00adzu\u00adf\u00fc\u00adgen neu\u00ader Z\u00e4h\u00adler hin\u00adter\u00adlegt werden.<\/li>\n<\/ul>\n<p>Eini\u00adge neue Funk\u00adtio\u00adnen sol\u00adlen nun im Detail vor\u00adge\u00adstellt werden.<\/p>\n<h2>Virtuelle Z\u00e4hler<\/h2>\n<p>Um die Wer\u00adte ver\u00adschie\u00adde\u00adner Z\u00e4h\u00adler ver\u00adrech\u00adnen zu k\u00f6n\u00adnen \u2013 etwa wenn ein Teil der Ener\u00adgie\u00adver\u00adbr\u00e4u\u00adche eines Geb\u00e4u\u00addes in einem ande\u00adren Geb\u00e4u\u00adde abge\u00adrech\u00adnet wer\u00adden muss, Z\u00e4h\u00adler\u00adwer\u00adte sum\u00admiert oder sub\u00adtra\u00adhiert wer\u00adden m\u00fcs\u00adsen, stellt das Sys\u00adtem Sum\u00admen\u00adz\u00e4h\u00adler, Dif\u00adfe\u00adrenz\u00adz\u00e4h\u00adler und Anteils\u00adz\u00e4h\u00adler zur Ver\u00adf\u00fc\u00adgung, vgl. Abbil\u00addung&nbsp;1.<\/p>\n<figure id=\"attachment_182\" aria-describedby=\"caption-attachment-182\" style=\"width: 609px\" class=\"wp-caption aligncenter\"><a href=\"http:\/\/blog.klimastrategie.de\/wp-content\/uploads\/2017\/02\/INM_Management_virtueller_Z\u00e4hler.png\"><img loading=\"lazy\" decoding=\"async\" class=\"wp-image-182 size-full\" src=\"http:\/\/blog.klimastrategie.de\/wp-content\/uploads\/2017\/02\/INM_Management_virtueller_Z\u00e4hler.png\" width=\"609\" height=\"290\" srcset=\"https:\/\/blog.klimastrategie.de\/wp-content\/uploads\/2017\/02\/INM_Management_virtueller_Z\u00e4hler.png 609w, https:\/\/blog.klimastrategie.de\/wp-content\/uploads\/2017\/02\/INM_Management_virtueller_Z\u00e4hler-300x143.png 300w, https:\/\/blog.klimastrategie.de\/wp-content\/uploads\/2017\/02\/INM_Management_virtueller_Z\u00e4hler-500x238.png 500w\" sizes=\"auto, (max-width: 609px) 100vw, 609px\"><\/a><figcaption id=\"caption-attachment-182\" class=\"wp-caption-text\">Abbil\u00addung 1: vir\u00adtu\u00adel\u00adlen Z\u00e4h\u00adler anlegen<\/figcaption><\/figure>\n<h2>Anbauten und \u00c4nderungen an der Bruttogeschossfl\u00e4che<\/h2>\n<p>Die \u00c4nde\u00adrung der Bezugs\u00adgr\u00f6\u00ad\u00dfe von Geb\u00e4u\u00adden ist in Abbil\u00addung 2 dar\u00adge\u00adstellt. Dabei kann die gesam\u00adte Ent\u00adwick\u00adlung der Fl\u00e4\u00adche eines Geb\u00e4u\u00addes in der His\u00adto\u00adrie abge\u00adbil\u00addet werden.<\/p>\n<figure id=\"attachment_174\" aria-describedby=\"caption-attachment-174\" style=\"width: 609px\" class=\"wp-caption aligncenter\"><a href=\"http:\/\/blog.klimastrategie.de\/wp-content\/uploads\/2017\/02\/INM_Management_Aenderung_Bezugsgroe\u00dfe.png\"><img loading=\"lazy\" decoding=\"async\" class=\"size-full wp-image-174\" src=\"http:\/\/blog.klimastrategie.de\/wp-content\/uploads\/2017\/02\/INM_Management_Aenderung_Bezugsgroe\u00dfe.png\" alt width=\"609\" height=\"510\" srcset=\"https:\/\/blog.klimastrategie.de\/wp-content\/uploads\/2017\/02\/INM_Management_Aenderung_Bezugsgroe\u00dfe.png 609w, https:\/\/blog.klimastrategie.de\/wp-content\/uploads\/2017\/02\/INM_Management_Aenderung_Bezugsgroe\u00dfe-300x251.png 300w, https:\/\/blog.klimastrategie.de\/wp-content\/uploads\/2017\/02\/INM_Management_Aenderung_Bezugsgroe\u00dfe-358x300.png 358w\" sizes=\"auto, (max-width: 609px) 100vw, 609px\"><\/a><figcaption id=\"caption-attachment-174\" class=\"wp-caption-text\">Abbil\u00addung 2: \u00c4nde\u00adrun\u00adge der Bezugs\u00adgr\u00f6\u00ad\u00dfe eines Geb\u00e4u\u00addes, bspw. auf\u00adgrund eines Geb\u00e4udeanbaus<\/figcaption><\/figure>\n<h2>Z\u00e4hler\u00fcbersicht<\/h2>\n<p>Dar\u00ad\u00fcber hin\u00adaus wur\u00adden eine Rei\u00adhe von Opti\u00admie\u00adrun\u00adgen vor\u00adge\u00adnom\u00admen. In Abbil\u00addung 3 wird die neue Z\u00e4h\u00adler\u00ad\u00fcber\u00adsicht mit allen Details auf einem Blick dargestellt.<\/p>\n<figure id=\"attachment_175\" aria-describedby=\"caption-attachment-175\" style=\"width: 584px\" class=\"wp-caption aligncenter\"><a href=\"http:\/\/blog.klimastrategie.de\/wp-content\/uploads\/2017\/02\/INM_Management_Z\u00e4hler\u00fcbersicht.png\"><img loading=\"lazy\" decoding=\"async\" class=\"size-large wp-image-175\" src=\"http:\/\/blog.klimastrategie.de\/wp-content\/uploads\/2017\/02\/INM_Management_Z\u00e4hler\u00fcbersicht-1024x534.png\" alt width=\"584\" height=\"305\" srcset=\"https:\/\/blog.klimastrategie.de\/wp-content\/uploads\/2017\/02\/INM_Management_Z\u00e4hler\u00fcbersicht-1024x534.png 1024w, https:\/\/blog.klimastrategie.de\/wp-content\/uploads\/2017\/02\/INM_Management_Z\u00e4hler\u00fcbersicht-300x156.png 300w, https:\/\/blog.klimastrategie.de\/wp-content\/uploads\/2017\/02\/INM_Management_Z\u00e4hler\u00fcbersicht-768x400.png 768w, https:\/\/blog.klimastrategie.de\/wp-content\/uploads\/2017\/02\/INM_Management_Z\u00e4hler\u00fcbersicht-500x261.png 500w, https:\/\/blog.klimastrategie.de\/wp-content\/uploads\/2017\/02\/INM_Management_Z\u00e4hler\u00fcbersicht.png 1209w\" sizes=\"auto, (max-width: 584px) 100vw, 584px\"><\/a><figcaption id=\"caption-attachment-175\" class=\"wp-caption-text\">Abbil\u00addung 3: Neue Z\u00e4h\u00adler\u00ad\u00fcber\u00adsicht mit allen Details auf einen&nbsp;Blick<\/figcaption><\/figure>\n<p>Wir freu\u00aden uns auf Ihr Feed\u00adback zu den neu\u00aden Funk\u00adtio\u00adnen und bera\u00adten bzw. unter\u00adst\u00fct\u00adzen Sie gern bei Fra\u00adgen zu unse\u00adren neu\u00aden Funk\u00adtio\u00adnen bzw. zur Anwen\u00addung in Ihrer Kom\u00admu\u00adne oder Ihrem Land\u00adkreis. Bit\u00adte spre\u00adchen Sie uns&nbsp;an!<\/p>\n<p>Ihr INM-Team<\/p>\n","protected":false},"excerpt":{"rendered":"<p>Lie\u00adbe Nut\u00adze\u00adrin\u00adnen und Nut\u00adzer der INM kom\u00admu\u00adna\u00adlen Kli\u00adma\u00adstra\u00adte\u00adgie, wir freu\u00aden uns, Ihnen eine umfang\u00adrei\u00adche Aktua\u00adli\u00adsie\u00adrung unse\u00adres Diens\u00adtes INM Manage\u00adment vor\u00adstel\u00adlen zu k\u00f6n\u00adnen. Im Fokus der Aktua\u00adli\u00adsie\u00adrung stan\u00adden vor allem Funktionen\u2026<\/p>\n","protected":false},"author":3,"featured_media":0,"comment_status":"open","ping_status":"open","sticky":false,"template":"","format":"standard","meta":{"inline_featured_image":false,"wp_typography_post_enhancements_disabled":false,"footnotes":""},"categories":[7,3],"tags":[],"class_list":["post-167","post","type-post","status-publish","format-standard","hentry","category-inm-management","category-produkte","entry"],"yoast_head":"<!-- This site is optimized with the Yoast SEO plugin v27.5 - https:\/\/yoast.com\/product\/yoast-seo-wordpress\/ -->\n<title>INM Management Update 2017.02 - INM kommunale Klimastrategie Blog<\/title>\n<meta name=\"robots\" content=\"index, follow, max-snippet:-1, max-image-preview:large, max-video-preview:-1\" \/>\n<link rel=\"canonical\" href=\"https:\/\/blog.klimastrategie.de\/index.php\/2017\/02\/18\/inm-klimastrategie-update-2017-02\/\" \/>\n<meta property=\"og:locale\" content=\"de_DE\" \/>\n<meta property=\"og:type\" content=\"article\" \/>\n<meta property=\"og:title\" content=\"INM Management Update 2017.02 - INM kommunale Klimastrategie Blog\" \/>\n<meta property=\"og:description\" content=\"Lie\u00adbe Nut\u00adze\u00adrin\u00adnen und Nut\u00adzer der INM kom\u00admu\u00adna\u00adlen Klimastrategie, wir freu\u00aden uns, Ihnen eine umfang\u00adrei\u00adche Aktua\u00adli\u00adsie\u00adrung unse\u00adres Diens\u00adtes INM Manage\u00adment vor\u00adstel\u00adlen zu k\u00f6n\u00adnen. Im Fokus der Aktua\u00adli\u00adsie\u00adrung stan\u00adden vor allem Funk\u00adtio\u00adnen&#8230;\" \/>\n<meta property=\"og:url\" content=\"https:\/\/blog.klimastrategie.de\/index.php\/2017\/02\/18\/inm-klimastrategie-update-2017-02\/\" \/>\n<meta property=\"og:site_name\" content=\"INM kommunale Klimastrategie Blog\" \/>\n<meta property=\"article:publisher\" content=\"https:\/\/www.facebook.com\/klimastrategie\" \/>\n<meta property=\"article:published_time\" content=\"2017-02-18T15:35:18+00:00\" \/>\n<meta property=\"article:modified_time\" content=\"2018-07-01T12:50:28+00:00\" \/>\n<meta name=\"author\" content=\"J\u00f6rg L\u00e4ssig\" \/>\n<meta name=\"twitter:card\" content=\"summary_large_image\" \/>\n<meta name=\"twitter:label1\" content=\"Verfasst von\" \/>\n\t<meta name=\"twitter:data1\" content=\"J\u00f6rg L\u00e4ssig\" \/>\n\t<meta name=\"twitter:label2\" content=\"Gesch\u00e4tzte Lesezeit\" \/>\n\t<meta name=\"twitter:data2\" content=\"2\u00a0Minuten\" \/>\n<script type=\"application\/ld+json\" class=\"yoast-schema-graph\">{\"@context\":\"https:\\\/\\\/schema.org\",\"@graph\":[{\"@type\":\"Article\",\"@id\":\"https:\\\/\\\/blog.klimastrategie.de\\\/index.php\\\/2017\\\/02\\\/18\\\/inm-klimastrategie-update-2017-02\\\/#article\",\"isPartOf\":{\"@id\":\"https:\\\/\\\/blog.klimastrategie.de\\\/index.php\\\/2017\\\/02\\\/18\\\/inm-klimastrategie-update-2017-02\\\/\"},\"author\":{\"name\":\"J\u00f6rg L\u00e4ssig\",\"@id\":\"https:\\\/\\\/blog.klimastrategie.de\\\/#\\\/schema\\\/person\\\/6da649177508393716a352870559a74c\"},\"headline\":\"INM Management Update 2017.02\",\"datePublished\":\"2017-02-18T15:35:18+00:00\",\"dateModified\":\"2018-07-01T12:50:28+00:00\",\"mainEntityOfPage\":{\"@id\":\"https:\\\/\\\/blog.klimastrategie.de\\\/index.php\\\/2017\\\/02\\\/18\\\/inm-klimastrategie-update-2017-02\\\/\"},\"wordCount\":395,\"commentCount\":0,\"publisher\":{\"@id\":\"https:\\\/\\\/blog.klimastrategie.de\\\/#organization\"},\"articleSection\":[\"INM Management\",\"Produkte\"],\"inLanguage\":\"de\"},{\"@type\":\"WebPage\",\"@id\":\"https:\\\/\\\/blog.klimastrategie.de\\\/index.php\\\/2017\\\/02\\\/18\\\/inm-klimastrategie-update-2017-02\\\/\",\"url\":\"https:\\\/\\\/blog.klimastrategie.de\\\/index.php\\\/2017\\\/02\\\/18\\\/inm-klimastrategie-update-2017-02\\\/\",\"name\":\"INM Management Update 2017.02 - INM kommunale Klimastrategie Blog\",\"isPartOf\":{\"@id\":\"https:\\\/\\\/blog.klimastrategie.de\\\/#website\"},\"datePublished\":\"2017-02-18T15:35:18+00:00\",\"dateModified\":\"2018-07-01T12:50:28+00:00\",\"breadcrumb\":{\"@id\":\"https:\\\/\\\/blog.klimastrategie.de\\\/index.php\\\/2017\\\/02\\\/18\\\/inm-klimastrategie-update-2017-02\\\/#breadcrumb\"},\"inLanguage\":\"de\",\"potentialAction\":[{\"@type\":\"ReadAction\",\"target\":[\"https:\\\/\\\/blog.klimastrategie.de\\\/index.php\\\/2017\\\/02\\\/18\\\/inm-klimastrategie-update-2017-02\\\/\"]}]},{\"@type\":\"BreadcrumbList\",\"@id\":\"https:\\\/\\\/blog.klimastrategie.de\\\/index.php\\\/2017\\\/02\\\/18\\\/inm-klimastrategie-update-2017-02\\\/#breadcrumb\",\"itemListElement\":[{\"@type\":\"ListItem\",\"position\":1,\"name\":\"Startseite\",\"item\":\"https:\\\/\\\/blog.klimastrategie.de\\\/\"},{\"@type\":\"ListItem\",\"position\":2,\"name\":\"INM Management Update 2017.02\"}]},{\"@type\":\"WebSite\",\"@id\":\"https:\\\/\\\/blog.klimastrategie.de\\\/#website\",\"url\":\"https:\\\/\\\/blog.klimastrategie.de\\\/\",\"name\":\"INM kommunale Klimastrategie Blog\",\"description\":\"Kommunales Energie- und Klimamanagement aus einer Hand\",\"publisher\":{\"@id\":\"https:\\\/\\\/blog.klimastrategie.de\\\/#organization\"},\"potentialAction\":[{\"@type\":\"SearchAction\",\"target\":{\"@type\":\"EntryPoint\",\"urlTemplate\":\"https:\\\/\\\/blog.klimastrategie.de\\\/?s={search_term_string}\"},\"query-input\":{\"@type\":\"PropertyValueSpecification\",\"valueRequired\":true,\"valueName\":\"search_term_string\"}}],\"inLanguage\":\"de\"},{\"@type\":\"Organization\",\"@id\":\"https:\\\/\\\/blog.klimastrategie.de\\\/#organization\",\"name\":\"INM Institut f\u00fcr Nachhaltigkeitsmanagement GmbH\",\"url\":\"https:\\\/\\\/blog.klimastrategie.de\\\/\",\"logo\":{\"@type\":\"ImageObject\",\"inLanguage\":\"de\",\"@id\":\"https:\\\/\\\/blog.klimastrategie.de\\\/#\\\/schema\\\/logo\\\/image\\\/\",\"url\":\"https:\\\/\\\/blog.klimastrategie.de\\\/wp-content\\\/uploads\\\/2017\\\/04\\\/logo_small.png\",\"contentUrl\":\"https:\\\/\\\/blog.klimastrategie.de\\\/wp-content\\\/uploads\\\/2017\\\/04\\\/logo_small.png\",\"width\":236,\"height\":50,\"caption\":\"INM Institut f\u00fcr Nachhaltigkeitsmanagement GmbH\"},\"image\":{\"@id\":\"https:\\\/\\\/blog.klimastrategie.de\\\/#\\\/schema\\\/logo\\\/image\\\/\"},\"sameAs\":[\"https:\\\/\\\/www.facebook.com\\\/klimastrategie\",\"https:\\\/\\\/www.linkedin.com\\\/company\\\/inm-institut\"]},{\"@type\":\"Person\",\"@id\":\"https:\\\/\\\/blog.klimastrategie.de\\\/#\\\/schema\\\/person\\\/6da649177508393716a352870559a74c\",\"name\":\"J\u00f6rg L\u00e4ssig\",\"image\":{\"@type\":\"ImageObject\",\"inLanguage\":\"de\",\"@id\":\"https:\\\/\\\/blog.klimastrategie.de\\\/wp-content\\\/uploads\\\/2016\\\/01\\\/laessig-150x143.jpg\",\"url\":\"https:\\\/\\\/blog.klimastrategie.de\\\/wp-content\\\/uploads\\\/2016\\\/01\\\/laessig-150x143.jpg\",\"contentUrl\":\"https:\\\/\\\/blog.klimastrategie.de\\\/wp-content\\\/uploads\\\/2016\\\/01\\\/laessig-150x143.jpg\",\"caption\":\"J\u00f6rg L\u00e4ssig\"},\"description\":\"J\u00f6rg L\u00e4ssig ist Professor f\u00fcr die Entwicklung von Unternehmensanwendungen an der Hochschule Zittau\\\/G\u00f6rlitz. Er besch\u00e4ftigt sich mit der Konzeptionierung und Entwicklung wirtschaftsnaher IT-Anwendungen und -Technologien. Dabei wird der IT-Einsatz insbesondere unter dem Gesichtspunkt der Nachhaltigkeit untersucht. Mit seinem Forschungsteam untersucht er neue Entwicklungen, um diese zeitnah als L\u00f6sung f\u00fcr Sie zur Verf\u00fcgung zu stellen.\",\"sameAs\":[\"http:\\\/\\\/www.klimastrategie.de\"],\"url\":\"https:\\\/\\\/blog.klimastrategie.de\\\/index.php\\\/author\\\/jlaessig\\\/\"}]}<\/script>\n<!-- \/ Yoast SEO plugin. -->","yoast_head_json":{"title":"INM Management Update 2017.02 - INM kommunale Klimastrategie Blog","robots":{"index":"index","follow":"follow","max-snippet":"max-snippet:-1","max-image-preview":"max-image-preview:large","max-video-preview":"max-video-preview:-1"},"canonical":"https:\/\/blog.klimastrategie.de\/index.php\/2017\/02\/18\/inm-klimastrategie-update-2017-02\/","og_locale":"de_DE","og_type":"article","og_title":"INM Management Update 2017.02 - INM kommunale Klimastrategie Blog","og_description":"Lie\u00adbe Nut\u00adze\u00adrin\u00adnen und Nut\u00adzer der INM kom\u00admu\u00adna\u00adlen Klimastrategie, wir freu\u00aden uns, Ihnen eine umfang\u00adrei\u00adche Aktua\u00adli\u00adsie\u00adrung unse\u00adres Diens\u00adtes INM Manage\u00adment vor\u00adstel\u00adlen zu k\u00f6n\u00adnen. Im Fokus der Aktua\u00adli\u00adsie\u00adrung stan\u00adden vor allem Funk\u00adtio\u00adnen&#8230;","og_url":"https:\/\/blog.klimastrategie.de\/index.php\/2017\/02\/18\/inm-klimastrategie-update-2017-02\/","og_site_name":"INM kommunale Klimastrategie Blog","article_publisher":"https:\/\/www.facebook.com\/klimastrategie","article_published_time":"2017-02-18T15:35:18+00:00","article_modified_time":"2018-07-01T12:50:28+00:00","author":"J\u00f6rg L\u00e4ssig","twitter_card":"summary_large_image","twitter_misc":{"Verfasst von":"J\u00f6rg L\u00e4ssig","Gesch\u00e4tzte Lesezeit":"2\u00a0Minuten"},"schema":{"@context":"https:\/\/schema.org","@graph":[{"@type":"Article","@id":"https:\/\/blog.klimastrategie.de\/index.php\/2017\/02\/18\/inm-klimastrategie-update-2017-02\/#article","isPartOf":{"@id":"https:\/\/blog.klimastrategie.de\/index.php\/2017\/02\/18\/inm-klimastrategie-update-2017-02\/"},"author":{"name":"J\u00f6rg L\u00e4ssig","@id":"https:\/\/blog.klimastrategie.de\/#\/schema\/person\/6da649177508393716a352870559a74c"},"headline":"INM Management Update 2017.02","datePublished":"2017-02-18T15:35:18+00:00","dateModified":"2018-07-01T12:50:28+00:00","mainEntityOfPage":{"@id":"https:\/\/blog.klimastrategie.de\/index.php\/2017\/02\/18\/inm-klimastrategie-update-2017-02\/"},"wordCount":395,"commentCount":0,"publisher":{"@id":"https:\/\/blog.klimastrategie.de\/#organization"},"articleSection":["INM Management","Produkte"],"inLanguage":"de"},{"@type":"WebPage","@id":"https:\/\/blog.klimastrategie.de\/index.php\/2017\/02\/18\/inm-klimastrategie-update-2017-02\/","url":"https:\/\/blog.klimastrategie.de\/index.php\/2017\/02\/18\/inm-klimastrategie-update-2017-02\/","name":"INM Management Update 2017.02 - INM kommunale Klimastrategie Blog","isPartOf":{"@id":"https:\/\/blog.klimastrategie.de\/#website"},"datePublished":"2017-02-18T15:35:18+00:00","dateModified":"2018-07-01T12:50:28+00:00","breadcrumb":{"@id":"https:\/\/blog.klimastrategie.de\/index.php\/2017\/02\/18\/inm-klimastrategie-update-2017-02\/#breadcrumb"},"inLanguage":"de","potentialAction":[{"@type":"ReadAction","target":["https:\/\/blog.klimastrategie.de\/index.php\/2017\/02\/18\/inm-klimastrategie-update-2017-02\/"]}]},{"@type":"BreadcrumbList","@id":"https:\/\/blog.klimastrategie.de\/index.php\/2017\/02\/18\/inm-klimastrategie-update-2017-02\/#breadcrumb","itemListElement":[{"@type":"ListItem","position":1,"name":"Startseite","item":"https:\/\/blog.klimastrategie.de\/"},{"@type":"ListItem","position":2,"name":"INM Management Update 2017.02"}]},{"@type":"WebSite","@id":"https:\/\/blog.klimastrategie.de\/#website","url":"https:\/\/blog.klimastrategie.de\/","name":"INM kommunale Klimastrategie Blog","description":"Kommunales Energie- und Klimamanagement aus einer Hand","publisher":{"@id":"https:\/\/blog.klimastrategie.de\/#organization"},"potentialAction":[{"@type":"SearchAction","target":{"@type":"EntryPoint","urlTemplate":"https:\/\/blog.klimastrategie.de\/?s={search_term_string}"},"query-input":{"@type":"PropertyValueSpecification","valueRequired":true,"valueName":"search_term_string"}}],"inLanguage":"de"},{"@type":"Organization","@id":"https:\/\/blog.klimastrategie.de\/#organization","name":"INM Institut f\u00fcr Nachhaltigkeitsmanagement GmbH","url":"https:\/\/blog.klimastrategie.de\/","logo":{"@type":"ImageObject","inLanguage":"de","@id":"https:\/\/blog.klimastrategie.de\/#\/schema\/logo\/image\/","url":"https:\/\/blog.klimastrategie.de\/wp-content\/uploads\/2017\/04\/logo_small.png","contentUrl":"https:\/\/blog.klimastrategie.de\/wp-content\/uploads\/2017\/04\/logo_small.png","width":236,"height":50,"caption":"INM Institut f\u00fcr Nachhaltigkeitsmanagement GmbH"},"image":{"@id":"https:\/\/blog.klimastrategie.de\/#\/schema\/logo\/image\/"},"sameAs":["https:\/\/www.facebook.com\/klimastrategie","https:\/\/www.linkedin.com\/company\/inm-institut"]},{"@type":"Person","@id":"https:\/\/blog.klimastrategie.de\/#\/schema\/person\/6da649177508393716a352870559a74c","name":"J\u00f6rg L\u00e4ssig","image":{"@type":"ImageObject","inLanguage":"de","@id":"https:\/\/blog.klimastrategie.de\/wp-content\/uploads\/2016\/01\/laessig-150x143.jpg","url":"https:\/\/blog.klimastrategie.de\/wp-content\/uploads\/2016\/01\/laessig-150x143.jpg","contentUrl":"https:\/\/blog.klimastrategie.de\/wp-content\/uploads\/2016\/01\/laessig-150x143.jpg","caption":"J\u00f6rg L\u00e4ssig"},"description":"J\u00f6rg L\u00e4ssig ist Professor f\u00fcr die Entwicklung von Unternehmensanwendungen an der Hochschule Zittau\/G\u00f6rlitz. Er besch\u00e4ftigt sich mit der Konzeptionierung und Entwicklung wirtschaftsnaher IT-Anwendungen und -Technologien. Dabei wird der IT-Einsatz insbesondere unter dem Gesichtspunkt der Nachhaltigkeit untersucht. Mit seinem Forschungsteam untersucht er neue Entwicklungen, um diese zeitnah als L\u00f6sung f\u00fcr Sie zur Verf\u00fcgung zu stellen.","sameAs":["http:\/\/www.klimastrategie.de"],"url":"https:\/\/blog.klimastrategie.de\/index.php\/author\/jlaessig\/"}]}},"_links":{"self":[{"href":"https:\/\/blog.klimastrategie.de\/index.php\/wp-json\/wp\/v2\/posts\/167","targetHints":{"allow":["GET"]}}],"collection":[{"href":"https:\/\/blog.klimastrategie.de\/index.php\/wp-json\/wp\/v2\/posts"}],"about":[{"href":"https:\/\/blog.klimastrategie.de\/index.php\/wp-json\/wp\/v2\/types\/post"}],"author":[{"embeddable":true,"href":"https:\/\/blog.klimastrategie.de\/index.php\/wp-json\/wp\/v2\/users\/3"}],"replies":[{"embeddable":true,"href":"https:\/\/blog.klimastrategie.de\/index.php\/wp-json\/wp\/v2\/comments?post=167"}],"version-history":[{"count":18,"href":"https:\/\/blog.klimastrategie.de\/index.php\/wp-json\/wp\/v2\/posts\/167\/revisions"}],"predecessor-version":[{"id":237,"href":"https:\/\/blog.klimastrategie.de\/index.php\/wp-json\/wp\/v2\/posts\/167\/revisions\/237"}],"wp:attachment":[{"href":"https:\/\/blog.klimastrategie.de\/index.php\/wp-json\/wp\/v2\/media?parent=167"}],"wp:term":[{"taxonomy":"category","embeddable":true,"href":"https:\/\/blog.klimastrategie.de\/index.php\/wp-json\/wp\/v2\/categories?post=167"},{"taxonomy":"post_tag","embeddable":true,"href":"https:\/\/blog.klimastrategie.de\/index.php\/wp-json\/wp\/v2\/tags?post=167"}],"curies":[{"name":"wp","href":"https:\/\/api.w.org\/{rel}","templated":true}]}}