{"id":140,"date":"2016-12-19T11:02:02","date_gmt":"2016-12-19T10:02:02","guid":{"rendered":"http:\/\/blog.klimastrategie.de\/?p=140"},"modified":"2018-07-01T14:50:51","modified_gmt":"2018-07-01T12:50:51","slug":"sachsen-foerdert-einfuehrung-von-energiemanagement-fuer-kommunen-und-landkreise-fuehren-sie-inm-management-in-ihrer-stadt-oder-kommune-ein","status":"publish","type":"post","link":"https:\/\/blog.klimastrategie.de\/index.php\/2016\/12\/19\/sachsen-foerdert-einfuehrung-von-energiemanagement-fuer-kommunen-und-landkreise-fuehren-sie-inm-management-in-ihrer-stadt-oder-kommune-ein\/","title":{"rendered":"Sachsen f\u00f6rdert Einf\u00fchrung von Energiemanagement f\u00fcr Kommunen und Landkreise: F\u00fchren Sie INM Management in Ihrer Stadt oder Kommune ein!"},"content":{"rendered":"<p>Im Rah\u00admen einer F\u00f6r\u00adder\u00adinitia\u00adti\u00adve des Lan\u00addes Sach\u00adsen wird die Ein\u00adf\u00fch\u00adrung eines Kom\u00admu\u00adna\u00adlen Ener\u00adgie\u00adma\u00adnage\u00adment\u00adsys\u00adtems (KEM) gef\u00f6rdert.<\/p>\n<p>INM Manage\u00adment ist dabei eine der pr\u00e4\u00adfe\u00adrier\u00adten L\u00f6sun\u00adgen. Die maxi\u00adma\u00adle F\u00f6r\u00adder\u00adh\u00f6\u00adhe betr\u00e4gt 80% der zuwen\u00addungs\u00adf\u00e4\u00adhi\u00adgen Ausgaben.<\/p>\n<p><!--more--><\/p>\n<h2>Wer wird gef\u00f6rdert?<\/h2>\n<p>Kom\u00admu\u00adna\u00adle Gebiets\u00adk\u00f6r\u00adper\u00adschaf\u00adten und Ver\u00adbands\u00adk\u00f6r\u00adper\u00adschaf\u00adten, d. h. St\u00e4d\u00adte, Gemein\u00adden und Land\u00adkrei\u00adse, die am Euro\u00adpean Ener\u00adgy Award (eea) teilnehmen<\/p>\n<h2>Was wird gef\u00f6rdert?<\/h2>\n<p>Gef\u00f6r\u00addert wird die Ein\u00adf\u00fch\u00adrung eines kom\u00admu\u00adna\u00adlen Ener\u00adgie\u00adma\u00adnag\u00adma\u00adge\u00adments bzw. die Teil\u00adnah\u00adme am&nbsp;eea<\/p>\n<h2>Welche Vorteile hat INM Management gegen\u00fcber anderen Software-L\u00f6sungen?<\/h2>\n<ul>\n<li>INM Manage\u00adment wur\u00adde <strong>Nut\u00adzer-zen\u00adtriert<\/strong> ent\u00adwi\u00adckelt, d.h. Sie ste\u00adhen im Mit\u00adtel\u00adpunkt wenn es dar\u00adum geht, Ver\u00adbr\u00e4u\u00adche, Kos\u00adten und Emis\u00adsio\u00adnen in Ihrer Stadt, Kom\u00admu\u00adne oder Ihrem Land\u00adkreis zu senken<\/li>\n<li>Die Soft\u00adware ist Brow\u00adser-basiert, d.h. Sie m\u00fcs\u00adsen <strong>kei\u00adne Soft\u00adware instal\u00adlie\u00adren<\/strong> und k\u00f6n\u00adnen <strong>sofort star\u00adten<\/strong><\/li>\n<li>Ihr <strong>per\u00ads\u00f6n\u00adli\u00adcher Bera\u00adter<\/strong> ist immer nur einen Klick ent\u00adfernt bzw. tele\u00adfo\u00adnisch f\u00fcr Sie erreichbar<\/li>\n<li>Sie k\u00f6n\u00adnen <strong>belie\u00adbig vie\u00adle Nut\u00adzer<\/strong> f\u00fcr das Sys\u00adtem anmel\u00adden und deren <strong>Rech\u00adte indi\u00advi\u00addu\u00adell kon\u00adfi\u00adgu\u00adrie\u00adren<\/strong>, etwa Entscheider\/ B\u00fcr\u00adger\u00admeis\u00adter, Geb\u00e4u\u00adde\u00adma\u00adna\u00adger, Haus\u00admeis\u00adter,&nbsp;etc.<\/li>\n<li>Der Dienst INM Manage\u00adment ist zukunfts\u00adsi\u00adcher und <strong>immer auf dem aktu\u00adel\u00adlen Stand<\/strong>, ohne dass Sie selbst aktiv wer\u00adden m\u00fcssen<\/li>\n<li>Die im Sys\u00adtem <strong>auto\u00adma\u00adtisch gene\u00adrier\u00adten Ener\u00adgie\u00adbe\u00adrich\u00adte<\/strong> ent\u00adspre\u00adchen den Anfor\u00adde\u00adrun\u00adgen der S\u00e4ch\u00adsi\u00adschen Ener\u00adgie\u00adagen\u00adtur und unter\u00adst\u00fct\u00adzen Sie best\u00adm\u00f6g\u00adlich bei Ihrem Ener\u00adgie\u00adma\u00adnage\u00adment: <strong>Ver\u00adbr\u00e4u\u00adche, Kos\u00adten und Emis\u00adsio\u00adnen nach\u00adhal\u00adtig sen\u00adken \u2013 durch die rich\u00adti\u00adgen Ma\u00dfnahmen<\/strong><\/li>\n<\/ul>\n<figure id=\"attachment_152\" aria-describedby=\"caption-attachment-152\" style=\"width: 800px\" class=\"wp-caption aligncenter\"><a href=\"http:\/\/blog.klimastrategie.de\/wp-content\/uploads\/2016\/11\/\u00dcbersicht-INM-Management.png\"><img loading=\"lazy\" decoding=\"async\" class=\"wp-image-152 size-full\" src=\"http:\/\/blog.klimastrategie.de\/wp-content\/uploads\/2016\/11\/\u00dcbersicht-INM-Management.png\" alt=\"\u00dcbersicht INM Management\" width=\"800\" height=\"865\" srcset=\"https:\/\/blog.klimastrategie.de\/wp-content\/uploads\/2016\/11\/\u00dcbersicht-INM-Management.png 800w, https:\/\/blog.klimastrategie.de\/wp-content\/uploads\/2016\/11\/\u00dcbersicht-INM-Management-277x300.png 277w, https:\/\/blog.klimastrategie.de\/wp-content\/uploads\/2016\/11\/\u00dcbersicht-INM-Management-768x830.png 768w\" sizes=\"auto, (max-width: 800px) 100vw, 800px\"><\/a><figcaption id=\"caption-attachment-152\" class=\"wp-caption-text\">INM Manage\u00adment als kom\u00admu\u00adna\u00adles Ener\u00adgien\u00adma\u00adnage\u00adment\u00adsys\u00adtem erf\u00fcllt alle zur F\u00f6r\u00adde\u00adrung not\u00adwen\u00addi\u00adgen Anforderungen.<\/figcaption><\/figure>\n<h2>Haben Sie Interesse an der Einf\u00fchrung eines kommunalen Energiemanagement-Systems und der Inanspruchnahme der F\u00f6rderung durch das&nbsp;Land?<\/h2>\n<p>Dann spre\u00adchen Sie uns an \u2013 per E\u2011Mail unter <strong><a href=\"mailto:kontakt@klimastrastegie.de\">kontakt@klimastrastegie.de<\/a><\/strong> oder tele\u00adfo\u00adnisch unter <strong><a href=\"tel:+4935882992884\">03588 299 288 4<\/a><\/strong>.<\/p>\n<p>Wir bie\u00adten Ihnen einen <strong>Schritt f\u00fcr Schritt Ein\u00adf\u00fch\u00adrungs\u00adser\u00advice<\/strong> mit:<\/p>\n<ol>\n<li>Bera\u00adtung und Zusam\u00admen\u00adstel\u00adlen Ihrer indi\u00advi\u00addu\u00adel\u00adlen Energiemanagement-L\u00f6sung<\/li>\n<li>Unter\u00adst\u00fct\u00adzung beim Aus\u00adf\u00fcl\u00adlen der Antragsformulare<\/li>\n<li>Unter\u00adst\u00fct\u00adzung bei der Ein\u00adrei\u00adchung des Antrags<\/li>\n<li>Unter\u00adst\u00fct\u00adzung bei der Ein\u00adf\u00fch\u00adrung des Energiemanagementsystems<\/li>\n<li>Ers\u00adte Schrit\u00adte gehen Sie gemein\u00adsam mit Ihrem per\u00ads\u00f6n\u00adli\u00adchen INM Berater<\/li>\n<\/ol>\n<p>Nut\u00adzen Sie die Chan\u00adce der aktu\u00adel\u00adlen F\u00f6r\u00adde\u00adrung \u2013 <strong>Ihr Eigen\u00adan\u00adteil zur Ein\u00adf\u00fch\u00adrung und initia\u00adlen Nut\u00adzung des Sys\u00adtems INM Manage\u00adment ist gering!<\/strong><\/p>\n<p>F\u00fcr R\u00fcck\u00adfra\u00adgen Ihre R\u00fcck\u00adfra\u00adgen ste\u00adhen wir gern zur Verf\u00fcgung.<\/p>\n<h2>Weiterf\u00fchrende Informationen<\/h2>\n<p><a href=\"https:\/\/www.sab.sachsen.de\/%C3%B6ffentliche-kunden\/f%C3%B6rderprogramme\/konzepte-und-instrumente-1.-umsetzungsinstrumente-klima-2014.jsp\">[Mehr Infor\u00adma\u00adtio\u00adnen auf den Sei\u00adten der S\u00e4ch\u00adsi\u00adschen Aufbaubank]<\/a><\/p>\n<p>&nbsp;<\/p>\n","protected":false},"excerpt":{"rendered":"<p>Im Rah\u00admen einer F\u00f6r\u00adder\u00adinitia\u00adti\u00adve des Lan\u00addes Sach\u00adsen wird die Ein\u00adf\u00fch\u00adrung eines Kom\u00admu\u00adna\u00adlen Ener\u00adgie\u00adma\u00adnage\u00adment\u00adsys\u00adtems (KEM) gef\u00f6r\u00addert. INM Manage\u00adment ist dabei eine der pr\u00e4\u00adfe\u00adrier\u00adten L\u00f6sun\u00adgen. Die maxi\u00adma\u00adle F\u00f6r\u00adder\u00adh\u00f6\u00adhe betr\u00e4gt 80% der zuwendungsf\u00e4higen\u2026<\/p>\n","protected":false},"author":3,"featured_media":0,"comment_status":"open","ping_status":"open","sticky":false,"template":"","format":"standard","meta":{"inline_featured_image":false,"wp_typography_post_enhancements_disabled":false,"footnotes":""},"categories":[7,5],"tags":[],"class_list":["post-140","post","type-post","status-publish","format-standard","hentry","category-inm-management","category-klimaschutzpolitik","entry"],"yoast_head":"<!-- This site is optimized with the Yoast SEO plugin v27.5 - https:\/\/yoast.com\/product\/yoast-seo-wordpress\/ -->\n<title>Sachsen f\u00f6rdert Einf\u00fchrung von Energiemanagement f\u00fcr Kommunen und Landkreise: F\u00fchren Sie INM Management in Ihrer Stadt oder Kommune ein! - INM kommunale Klimastrategie Blog<\/title>\n<meta name=\"robots\" content=\"index, follow, max-snippet:-1, max-image-preview:large, max-video-preview:-1\" \/>\n<link rel=\"canonical\" href=\"https:\/\/blog.klimastrategie.de\/index.php\/2016\/12\/19\/sachsen-foerdert-einfuehrung-von-energiemanagement-fuer-kommunen-und-landkreise-fuehren-sie-inm-management-in-ihrer-stadt-oder-kommune-ein\/\" \/>\n<meta property=\"og:locale\" content=\"de_DE\" \/>\n<meta property=\"og:type\" content=\"article\" \/>\n<meta property=\"og:title\" content=\"Sachsen f\u00f6rdert Einf\u00fchrung von Energiemanagement f\u00fcr Kommunen und Landkreise: F\u00fchren Sie INM Management in Ihrer Stadt oder Kommune ein! - INM kommunale Klimastrategie Blog\" \/>\n<meta property=\"og:description\" content=\"Im Rah\u00admen einer F\u00f6r\u00adder\u00adinitia\u00adti\u00adve des Lan\u00addes Sach\u00adsen wird die Ein\u00adf\u00fch\u00adrung eines Kom\u00admu\u00adna\u00adlen Ener\u00adgie\u00adma\u00adnage\u00adment\u00adsys\u00adtems (KEM) gef\u00f6rdert. INM Manage\u00adment ist dabei eine der pr\u00e4\u00adfe\u00adrier\u00adten L\u00f6sun\u00adgen. Die maxi\u00adma\u00adle F\u00f6r\u00adder\u00adh\u00f6\u00adhe betr\u00e4gt 80% der zuwen\u00addungs\u00adf\u00e4\u00adhi\u00adgen&#8230;\" \/>\n<meta property=\"og:url\" content=\"https:\/\/blog.klimastrategie.de\/index.php\/2016\/12\/19\/sachsen-foerdert-einfuehrung-von-energiemanagement-fuer-kommunen-und-landkreise-fuehren-sie-inm-management-in-ihrer-stadt-oder-kommune-ein\/\" \/>\n<meta property=\"og:site_name\" content=\"INM kommunale Klimastrategie Blog\" \/>\n<meta property=\"article:publisher\" content=\"https:\/\/www.facebook.com\/klimastrategie\" \/>\n<meta property=\"article:published_time\" content=\"2016-12-19T10:02:02+00:00\" \/>\n<meta property=\"article:modified_time\" content=\"2018-07-01T12:50:51+00:00\" \/>\n<meta name=\"author\" content=\"J\u00f6rg L\u00e4ssig\" \/>\n<meta name=\"twitter:card\" content=\"summary_large_image\" \/>\n<meta name=\"twitter:label1\" content=\"Verfasst von\" \/>\n\t<meta name=\"twitter:data1\" content=\"J\u00f6rg L\u00e4ssig\" \/>\n\t<meta name=\"twitter:label2\" content=\"Gesch\u00e4tzte Lesezeit\" \/>\n\t<meta name=\"twitter:data2\" content=\"2\u00a0Minuten\" \/>\n<script type=\"application\/ld+json\" class=\"yoast-schema-graph\">{\"@context\":\"https:\\\/\\\/schema.org\",\"@graph\":[{\"@type\":\"Article\",\"@id\":\"https:\\\/\\\/blog.klimastrategie.de\\\/index.php\\\/2016\\\/12\\\/19\\\/sachsen-foerdert-einfuehrung-von-energiemanagement-fuer-kommunen-und-landkreise-fuehren-sie-inm-management-in-ihrer-stadt-oder-kommune-ein\\\/#article\",\"isPartOf\":{\"@id\":\"https:\\\/\\\/blog.klimastrategie.de\\\/index.php\\\/2016\\\/12\\\/19\\\/sachsen-foerdert-einfuehrung-von-energiemanagement-fuer-kommunen-und-landkreise-fuehren-sie-inm-management-in-ihrer-stadt-oder-kommune-ein\\\/\"},\"author\":{\"name\":\"J\u00f6rg L\u00e4ssig\",\"@id\":\"https:\\\/\\\/blog.klimastrategie.de\\\/#\\\/schema\\\/person\\\/6da649177508393716a352870559a74c\"},\"headline\":\"Sachsen f\u00f6rdert Einf\u00fchrung von Energiemanagement f\u00fcr Kommunen und Landkreise: F\u00fchren Sie INM Management in Ihrer Stadt oder Kommune ein!\",\"datePublished\":\"2016-12-19T10:02:02+00:00\",\"dateModified\":\"2018-07-01T12:50:51+00:00\",\"mainEntityOfPage\":{\"@id\":\"https:\\\/\\\/blog.klimastrategie.de\\\/index.php\\\/2016\\\/12\\\/19\\\/sachsen-foerdert-einfuehrung-von-energiemanagement-fuer-kommunen-und-landkreise-fuehren-sie-inm-management-in-ihrer-stadt-oder-kommune-ein\\\/\"},\"wordCount\":409,\"commentCount\":0,\"publisher\":{\"@id\":\"https:\\\/\\\/blog.klimastrategie.de\\\/#organization\"},\"articleSection\":[\"INM Management\",\"Klimaschutzpolitik\"],\"inLanguage\":\"de\"},{\"@type\":\"WebPage\",\"@id\":\"https:\\\/\\\/blog.klimastrategie.de\\\/index.php\\\/2016\\\/12\\\/19\\\/sachsen-foerdert-einfuehrung-von-energiemanagement-fuer-kommunen-und-landkreise-fuehren-sie-inm-management-in-ihrer-stadt-oder-kommune-ein\\\/\",\"url\":\"https:\\\/\\\/blog.klimastrategie.de\\\/index.php\\\/2016\\\/12\\\/19\\\/sachsen-foerdert-einfuehrung-von-energiemanagement-fuer-kommunen-und-landkreise-fuehren-sie-inm-management-in-ihrer-stadt-oder-kommune-ein\\\/\",\"name\":\"Sachsen f\u00f6rdert Einf\u00fchrung von Energiemanagement f\u00fcr Kommunen und Landkreise: F\u00fchren Sie INM Management in Ihrer Stadt oder Kommune ein! - INM kommunale Klimastrategie Blog\",\"isPartOf\":{\"@id\":\"https:\\\/\\\/blog.klimastrategie.de\\\/#website\"},\"datePublished\":\"2016-12-19T10:02:02+00:00\",\"dateModified\":\"2018-07-01T12:50:51+00:00\",\"breadcrumb\":{\"@id\":\"https:\\\/\\\/blog.klimastrategie.de\\\/index.php\\\/2016\\\/12\\\/19\\\/sachsen-foerdert-einfuehrung-von-energiemanagement-fuer-kommunen-und-landkreise-fuehren-sie-inm-management-in-ihrer-stadt-oder-kommune-ein\\\/#breadcrumb\"},\"inLanguage\":\"de\",\"potentialAction\":[{\"@type\":\"ReadAction\",\"target\":[\"https:\\\/\\\/blog.klimastrategie.de\\\/index.php\\\/2016\\\/12\\\/19\\\/sachsen-foerdert-einfuehrung-von-energiemanagement-fuer-kommunen-und-landkreise-fuehren-sie-inm-management-in-ihrer-stadt-oder-kommune-ein\\\/\"]}]},{\"@type\":\"BreadcrumbList\",\"@id\":\"https:\\\/\\\/blog.klimastrategie.de\\\/index.php\\\/2016\\\/12\\\/19\\\/sachsen-foerdert-einfuehrung-von-energiemanagement-fuer-kommunen-und-landkreise-fuehren-sie-inm-management-in-ihrer-stadt-oder-kommune-ein\\\/#breadcrumb\",\"itemListElement\":[{\"@type\":\"ListItem\",\"position\":1,\"name\":\"Startseite\",\"item\":\"https:\\\/\\\/blog.klimastrategie.de\\\/\"},{\"@type\":\"ListItem\",\"position\":2,\"name\":\"Sachsen f\u00f6rdert Einf\u00fchrung von Energiemanagement f\u00fcr Kommunen und Landkreise: F\u00fchren Sie INM Management in Ihrer Stadt oder Kommune ein!\"}]},{\"@type\":\"WebSite\",\"@id\":\"https:\\\/\\\/blog.klimastrategie.de\\\/#website\",\"url\":\"https:\\\/\\\/blog.klimastrategie.de\\\/\",\"name\":\"INM kommunale Klimastrategie Blog\",\"description\":\"Kommunales Energie- und Klimamanagement aus einer Hand\",\"publisher\":{\"@id\":\"https:\\\/\\\/blog.klimastrategie.de\\\/#organization\"},\"potentialAction\":[{\"@type\":\"SearchAction\",\"target\":{\"@type\":\"EntryPoint\",\"urlTemplate\":\"https:\\\/\\\/blog.klimastrategie.de\\\/?s={search_term_string}\"},\"query-input\":{\"@type\":\"PropertyValueSpecification\",\"valueRequired\":true,\"valueName\":\"search_term_string\"}}],\"inLanguage\":\"de\"},{\"@type\":\"Organization\",\"@id\":\"https:\\\/\\\/blog.klimastrategie.de\\\/#organization\",\"name\":\"INM Institut f\u00fcr Nachhaltigkeitsmanagement GmbH\",\"url\":\"https:\\\/\\\/blog.klimastrategie.de\\\/\",\"logo\":{\"@type\":\"ImageObject\",\"inLanguage\":\"de\",\"@id\":\"https:\\\/\\\/blog.klimastrategie.de\\\/#\\\/schema\\\/logo\\\/image\\\/\",\"url\":\"https:\\\/\\\/blog.klimastrategie.de\\\/wp-content\\\/uploads\\\/2017\\\/04\\\/logo_small.png\",\"contentUrl\":\"https:\\\/\\\/blog.klimastrategie.de\\\/wp-content\\\/uploads\\\/2017\\\/04\\\/logo_small.png\",\"width\":236,\"height\":50,\"caption\":\"INM Institut f\u00fcr Nachhaltigkeitsmanagement GmbH\"},\"image\":{\"@id\":\"https:\\\/\\\/blog.klimastrategie.de\\\/#\\\/schema\\\/logo\\\/image\\\/\"},\"sameAs\":[\"https:\\\/\\\/www.facebook.com\\\/klimastrategie\",\"https:\\\/\\\/www.linkedin.com\\\/company\\\/inm-institut\"]},{\"@type\":\"Person\",\"@id\":\"https:\\\/\\\/blog.klimastrategie.de\\\/#\\\/schema\\\/person\\\/6da649177508393716a352870559a74c\",\"name\":\"J\u00f6rg L\u00e4ssig\",\"image\":{\"@type\":\"ImageObject\",\"inLanguage\":\"de\",\"@id\":\"https:\\\/\\\/blog.klimastrategie.de\\\/wp-content\\\/uploads\\\/2016\\\/01\\\/laessig-150x143.jpg\",\"url\":\"https:\\\/\\\/blog.klimastrategie.de\\\/wp-content\\\/uploads\\\/2016\\\/01\\\/laessig-150x143.jpg\",\"contentUrl\":\"https:\\\/\\\/blog.klimastrategie.de\\\/wp-content\\\/uploads\\\/2016\\\/01\\\/laessig-150x143.jpg\",\"caption\":\"J\u00f6rg L\u00e4ssig\"},\"description\":\"J\u00f6rg L\u00e4ssig ist Professor f\u00fcr die Entwicklung von Unternehmensanwendungen an der Hochschule Zittau\\\/G\u00f6rlitz. Er besch\u00e4ftigt sich mit der Konzeptionierung und Entwicklung wirtschaftsnaher IT-Anwendungen und -Technologien. Dabei wird der IT-Einsatz insbesondere unter dem Gesichtspunkt der Nachhaltigkeit untersucht. Mit seinem Forschungsteam untersucht er neue Entwicklungen, um diese zeitnah als L\u00f6sung f\u00fcr Sie zur Verf\u00fcgung zu stellen.\",\"sameAs\":[\"http:\\\/\\\/www.klimastrategie.de\"],\"url\":\"https:\\\/\\\/blog.klimastrategie.de\\\/index.php\\\/author\\\/jlaessig\\\/\"}]}<\/script>\n<!-- \/ Yoast SEO plugin. -->","yoast_head_json":{"title":"Sachsen f\u00f6rdert Einf\u00fchrung von Energiemanagement f\u00fcr Kommunen und Landkreise: F\u00fchren Sie INM Management in Ihrer Stadt oder Kommune ein! - INM kommunale Klimastrategie Blog","robots":{"index":"index","follow":"follow","max-snippet":"max-snippet:-1","max-image-preview":"max-image-preview:large","max-video-preview":"max-video-preview:-1"},"canonical":"https:\/\/blog.klimastrategie.de\/index.php\/2016\/12\/19\/sachsen-foerdert-einfuehrung-von-energiemanagement-fuer-kommunen-und-landkreise-fuehren-sie-inm-management-in-ihrer-stadt-oder-kommune-ein\/","og_locale":"de_DE","og_type":"article","og_title":"Sachsen f\u00f6rdert Einf\u00fchrung von Energiemanagement f\u00fcr Kommunen und Landkreise: F\u00fchren Sie INM Management in Ihrer Stadt oder Kommune ein! - INM kommunale Klimastrategie Blog","og_description":"Im Rah\u00admen einer F\u00f6r\u00adder\u00adinitia\u00adti\u00adve des Lan\u00addes Sach\u00adsen wird die Ein\u00adf\u00fch\u00adrung eines Kom\u00admu\u00adna\u00adlen Ener\u00adgie\u00adma\u00adnage\u00adment\u00adsys\u00adtems (KEM) gef\u00f6rdert. INM Manage\u00adment ist dabei eine der pr\u00e4\u00adfe\u00adrier\u00adten L\u00f6sun\u00adgen. Die maxi\u00adma\u00adle F\u00f6r\u00adder\u00adh\u00f6\u00adhe betr\u00e4gt 80% der zuwen\u00addungs\u00adf\u00e4\u00adhi\u00adgen&#8230;","og_url":"https:\/\/blog.klimastrategie.de\/index.php\/2016\/12\/19\/sachsen-foerdert-einfuehrung-von-energiemanagement-fuer-kommunen-und-landkreise-fuehren-sie-inm-management-in-ihrer-stadt-oder-kommune-ein\/","og_site_name":"INM kommunale Klimastrategie Blog","article_publisher":"https:\/\/www.facebook.com\/klimastrategie","article_published_time":"2016-12-19T10:02:02+00:00","article_modified_time":"2018-07-01T12:50:51+00:00","author":"J\u00f6rg L\u00e4ssig","twitter_card":"summary_large_image","twitter_misc":{"Verfasst von":"J\u00f6rg L\u00e4ssig","Gesch\u00e4tzte Lesezeit":"2\u00a0Minuten"},"schema":{"@context":"https:\/\/schema.org","@graph":[{"@type":"Article","@id":"https:\/\/blog.klimastrategie.de\/index.php\/2016\/12\/19\/sachsen-foerdert-einfuehrung-von-energiemanagement-fuer-kommunen-und-landkreise-fuehren-sie-inm-management-in-ihrer-stadt-oder-kommune-ein\/#article","isPartOf":{"@id":"https:\/\/blog.klimastrategie.de\/index.php\/2016\/12\/19\/sachsen-foerdert-einfuehrung-von-energiemanagement-fuer-kommunen-und-landkreise-fuehren-sie-inm-management-in-ihrer-stadt-oder-kommune-ein\/"},"author":{"name":"J\u00f6rg L\u00e4ssig","@id":"https:\/\/blog.klimastrategie.de\/#\/schema\/person\/6da649177508393716a352870559a74c"},"headline":"Sachsen f\u00f6rdert Einf\u00fchrung von Energiemanagement f\u00fcr Kommunen und Landkreise: F\u00fchren Sie INM Management in Ihrer Stadt oder Kommune ein!","datePublished":"2016-12-19T10:02:02+00:00","dateModified":"2018-07-01T12:50:51+00:00","mainEntityOfPage":{"@id":"https:\/\/blog.klimastrategie.de\/index.php\/2016\/12\/19\/sachsen-foerdert-einfuehrung-von-energiemanagement-fuer-kommunen-und-landkreise-fuehren-sie-inm-management-in-ihrer-stadt-oder-kommune-ein\/"},"wordCount":409,"commentCount":0,"publisher":{"@id":"https:\/\/blog.klimastrategie.de\/#organization"},"articleSection":["INM Management","Klimaschutzpolitik"],"inLanguage":"de"},{"@type":"WebPage","@id":"https:\/\/blog.klimastrategie.de\/index.php\/2016\/12\/19\/sachsen-foerdert-einfuehrung-von-energiemanagement-fuer-kommunen-und-landkreise-fuehren-sie-inm-management-in-ihrer-stadt-oder-kommune-ein\/","url":"https:\/\/blog.klimastrategie.de\/index.php\/2016\/12\/19\/sachsen-foerdert-einfuehrung-von-energiemanagement-fuer-kommunen-und-landkreise-fuehren-sie-inm-management-in-ihrer-stadt-oder-kommune-ein\/","name":"Sachsen f\u00f6rdert Einf\u00fchrung von Energiemanagement f\u00fcr Kommunen und Landkreise: F\u00fchren Sie INM Management in Ihrer Stadt oder Kommune ein! - INM kommunale Klimastrategie Blog","isPartOf":{"@id":"https:\/\/blog.klimastrategie.de\/#website"},"datePublished":"2016-12-19T10:02:02+00:00","dateModified":"2018-07-01T12:50:51+00:00","breadcrumb":{"@id":"https:\/\/blog.klimastrategie.de\/index.php\/2016\/12\/19\/sachsen-foerdert-einfuehrung-von-energiemanagement-fuer-kommunen-und-landkreise-fuehren-sie-inm-management-in-ihrer-stadt-oder-kommune-ein\/#breadcrumb"},"inLanguage":"de","potentialAction":[{"@type":"ReadAction","target":["https:\/\/blog.klimastrategie.de\/index.php\/2016\/12\/19\/sachsen-foerdert-einfuehrung-von-energiemanagement-fuer-kommunen-und-landkreise-fuehren-sie-inm-management-in-ihrer-stadt-oder-kommune-ein\/"]}]},{"@type":"BreadcrumbList","@id":"https:\/\/blog.klimastrategie.de\/index.php\/2016\/12\/19\/sachsen-foerdert-einfuehrung-von-energiemanagement-fuer-kommunen-und-landkreise-fuehren-sie-inm-management-in-ihrer-stadt-oder-kommune-ein\/#breadcrumb","itemListElement":[{"@type":"ListItem","position":1,"name":"Startseite","item":"https:\/\/blog.klimastrategie.de\/"},{"@type":"ListItem","position":2,"name":"Sachsen f\u00f6rdert Einf\u00fchrung von Energiemanagement f\u00fcr Kommunen und Landkreise: F\u00fchren Sie INM Management in Ihrer Stadt oder Kommune ein!"}]},{"@type":"WebSite","@id":"https:\/\/blog.klimastrategie.de\/#website","url":"https:\/\/blog.klimastrategie.de\/","name":"INM kommunale Klimastrategie Blog","description":"Kommunales Energie- und Klimamanagement aus einer Hand","publisher":{"@id":"https:\/\/blog.klimastrategie.de\/#organization"},"potentialAction":[{"@type":"SearchAction","target":{"@type":"EntryPoint","urlTemplate":"https:\/\/blog.klimastrategie.de\/?s={search_term_string}"},"query-input":{"@type":"PropertyValueSpecification","valueRequired":true,"valueName":"search_term_string"}}],"inLanguage":"de"},{"@type":"Organization","@id":"https:\/\/blog.klimastrategie.de\/#organization","name":"INM Institut f\u00fcr Nachhaltigkeitsmanagement GmbH","url":"https:\/\/blog.klimastrategie.de\/","logo":{"@type":"ImageObject","inLanguage":"de","@id":"https:\/\/blog.klimastrategie.de\/#\/schema\/logo\/image\/","url":"https:\/\/blog.klimastrategie.de\/wp-content\/uploads\/2017\/04\/logo_small.png","contentUrl":"https:\/\/blog.klimastrategie.de\/wp-content\/uploads\/2017\/04\/logo_small.png","width":236,"height":50,"caption":"INM Institut f\u00fcr Nachhaltigkeitsmanagement GmbH"},"image":{"@id":"https:\/\/blog.klimastrategie.de\/#\/schema\/logo\/image\/"},"sameAs":["https:\/\/www.facebook.com\/klimastrategie","https:\/\/www.linkedin.com\/company\/inm-institut"]},{"@type":"Person","@id":"https:\/\/blog.klimastrategie.de\/#\/schema\/person\/6da649177508393716a352870559a74c","name":"J\u00f6rg L\u00e4ssig","image":{"@type":"ImageObject","inLanguage":"de","@id":"https:\/\/blog.klimastrategie.de\/wp-content\/uploads\/2016\/01\/laessig-150x143.jpg","url":"https:\/\/blog.klimastrategie.de\/wp-content\/uploads\/2016\/01\/laessig-150x143.jpg","contentUrl":"https:\/\/blog.klimastrategie.de\/wp-content\/uploads\/2016\/01\/laessig-150x143.jpg","caption":"J\u00f6rg L\u00e4ssig"},"description":"J\u00f6rg L\u00e4ssig ist Professor f\u00fcr die Entwicklung von Unternehmensanwendungen an der Hochschule Zittau\/G\u00f6rlitz. Er besch\u00e4ftigt sich mit der Konzeptionierung und Entwicklung wirtschaftsnaher IT-Anwendungen und -Technologien. Dabei wird der IT-Einsatz insbesondere unter dem Gesichtspunkt der Nachhaltigkeit untersucht. Mit seinem Forschungsteam untersucht er neue Entwicklungen, um diese zeitnah als L\u00f6sung f\u00fcr Sie zur Verf\u00fcgung zu stellen.","sameAs":["http:\/\/www.klimastrategie.de"],"url":"https:\/\/blog.klimastrategie.de\/index.php\/author\/jlaessig\/"}]}},"_links":{"self":[{"href":"https:\/\/blog.klimastrategie.de\/index.php\/wp-json\/wp\/v2\/posts\/140","targetHints":{"allow":["GET"]}}],"collection":[{"href":"https:\/\/blog.klimastrategie.de\/index.php\/wp-json\/wp\/v2\/posts"}],"about":[{"href":"https:\/\/blog.klimastrategie.de\/index.php\/wp-json\/wp\/v2\/types\/post"}],"author":[{"embeddable":true,"href":"https:\/\/blog.klimastrategie.de\/index.php\/wp-json\/wp\/v2\/users\/3"}],"replies":[{"embeddable":true,"href":"https:\/\/blog.klimastrategie.de\/index.php\/wp-json\/wp\/v2\/comments?post=140"}],"version-history":[{"count":15,"href":"https:\/\/blog.klimastrategie.de\/index.php\/wp-json\/wp\/v2\/posts\/140\/revisions"}],"predecessor-version":[{"id":236,"href":"https:\/\/blog.klimastrategie.de\/index.php\/wp-json\/wp\/v2\/posts\/140\/revisions\/236"}],"wp:attachment":[{"href":"https:\/\/blog.klimastrategie.de\/index.php\/wp-json\/wp\/v2\/media?parent=140"}],"wp:term":[{"taxonomy":"category","embeddable":true,"href":"https:\/\/blog.klimastrategie.de\/index.php\/wp-json\/wp\/v2\/categories?post=140"},{"taxonomy":"post_tag","embeddable":true,"href":"https:\/\/blog.klimastrategie.de\/index.php\/wp-json\/wp\/v2\/tags?post=140"}],"curies":[{"name":"wp","href":"https:\/\/api.w.org\/{rel}","templated":true}]}}